
{"id":3140,"date":"2023-04-10T11:39:28","date_gmt":"2023-04-10T14:39:28","guid":{"rendered":"https:\/\/argentinaglobal.org.ar\/?p=3140"},"modified":"2023-04-10T11:54:48","modified_gmt":"2023-04-10T14:54:48","slug":"seminario-que-reforzo-la-necesidad-de-contar-con-una-estrategia-de-seguridad-nacional","status":"publish","type":"post","link":"https:\/\/argentinaglobal.org.ar\/eng\/seminario-que-reforzo-la-necesidad-de-contar-con-una-estrategia-de-seguridad-nacional\/","title":{"rendered":"SEMINARIO QUE REFORZ\u00d3 LA NECESIDAD DE CONTAR CON UNA ESTRATEGIA DE SEGURIDAD NACIONAL"},"content":{"rendered":"<p><em>En el marco de la Diplomatura en Seguridad Nacional que dicta la Universidad de Belgrano, y en momentos en que la inseguridad es uno de los reclamos m\u00e1s importantes en la opini\u00f3n p\u00fablica, la Fundaci\u00f3n Argentina Global que preside Fulvio Pompeo organiz\u00f3 una jornada de debate sobre seguridad nacional en la sede de la universidad, a la que convoc\u00f3 a representantes de todas las fundaciones del principal espacio opositor para trabajar en <\/em><em>una nueva y actualizada estrategia de seguridad nacional de largo plazo.<\/em><\/p>\n\n\n\n<p><em>16 de marzo de 2023<\/em><\/p>\n\n\n\n<p>Bajo el lema <strong>\u201cA tres a\u00f1os de la Estrategia de Seguridad Nacional de la Rep\u00fablica Argentina\u201d<\/strong> y ante una nutrida y calificada audiencia, el encuentro busc\u00f3 renovar y actualizar la estrategia que se llev\u00f3 a cabo durante la gesti\u00f3n de Mauricio Macri. Asistieron especialistas de las fundaciones Argentina Global, Pensar, Alem, Encuentro Federal, el Instituto Hannah Arendt, el Centro de Estudios en Defensa y Seguridad (CEDySEG) y el Instituto de Estudios Estrat\u00e9gicos y de Seguridad (IEES), junto con acad\u00e9micos vinculados al \u00e1mbito de la defensa.<\/p>\n\n\n\n<p>En su mensaje de apertura, <strong>Pompeo<\/strong> enfatiz\u00f3 que es \u201cfundamental mirar al futuro y actualizar la propuesta de seguridad nacional de largo plazo ante la cambiante realidad nacional y global. Es un desaf\u00edo para el pa\u00eds y no hay f\u00f3rmulas m\u00e1gicas, <strong>es importante plantear estos debates ante la realidad que vivimos en una Argentina cada vez m\u00e1s vulnerable frente a los riesgos que afectan la prosperidad, el bienestar y la libertad<\/strong>\u201d.<\/p>\n\n\n\n<p>Con una mirada puesta en la pol\u00edtica, los representantes de las fundaciones debatieron bajo la moderaci\u00f3n de <strong>Javier Romero,<\/strong> coordinador del \u00c1rea Institucional de la Fundaci\u00f3n Pensar. Cont\u00f3 con la participaci\u00f3n de <strong>Franco Moccia,<\/strong> presidente de Fundaci\u00f3n Pensar; <strong>Agust\u00edn Campero,<\/strong> presidente de Fundaci\u00f3n Alem; <strong>Carlos Fern\u00e1ndez,<\/strong> presidente del CEDySEG; <strong>Ra\u00fal Roza,<\/strong> dirigente de Encuentro Republicano Federal; <strong>Ren\u00e9 Squetino,<\/strong> del Instituto Hannah Arendt; y <strong>Marcelo Rosas Garay,<\/strong> del IEES.<\/p>\n\n\n\n<p><strong>Franco Moccia<\/strong> resalt\u00f3 la necesidad de que el sector privado genere empleo y que el Estado recupere su rol, pero esto es imposible sin seguridad nacional. \u201cTenemos que construir una plataforma de seguridad que nos permita combatir eficientemente el ciberdelito y el narcotr\u00e1fico para poder progresar. Para ello <strong>es necesario propiciar decisiones que generen capacidades en materia de seguridad nacional\u201d.<\/strong> Por su parte, puso en valor el mensaje de unidad que reflej\u00f3 el encuentro: \u201c<strong>Es la primera vez que una coalici\u00f3n, despu\u00e9s de perder las elecciones, sigue trabajando junta.<\/strong> Los cuatro partidos que integran nuestra coalici\u00f3n trabajamos en reuniones peri\u00f3dicas porque el principal riesgo es no estar de acuerdo en algo y no saberlo\u201d.&nbsp;<\/p>\n\n\n\n<p><strong>Agust\u00edn Campero<\/strong> destac\u00f3 especialmente la posibilidad de pensar los problemas de la seguridad nacional de manera coordinada entre las distintas fundaciones del principal espacio opositor. <strong>\u201cLas cuatro fundaciones estamos trabajando de manera conjunta en ejes de acci\u00f3n y pol\u00edticas p\u00fablicas. Estamos trabajando juntos y eso es importante destacar\u201d.<\/strong> A su juicio, la Argentina tiene un problema de productividad que se traslada a todos los \u00e1mbitos y cuya consecuencia es la decadencia generalizada que se est\u00e1 viviendo en este momento. En ese sentido, <strong>coincidi\u00f3 en la importancia de dotar de recursos a las acciones que est\u00e9n por venir:<\/strong> \u201cEl pr\u00f3ximo gobierno tiene que pensar una nueva oleada de modernizaci\u00f3n tecnol\u00f3gica\u201d.<\/p>\n\n\n\n<p>Por su parte, <strong>Carlos Fern\u00e1ndez<\/strong> celebr\u00f3 esta instancia porque \u201c<strong>es un espacio para debatir con anterioridad qu\u00e9 hacer cuando se llega al gobierno.<\/strong> En los \u00faltimos a\u00f1os la Argentina estuvo gobernada por coaliciones, por eso, espacios como este son necesarios\u201d. En consonancia con lo manifestado por gran parte de los participantes del encuentro, el problema sigue siendo la falta de coordinaci\u00f3n: \u201cEl tema de la inteligencia no se comparte entre ninguna de las Fuerzas; falta de inter-agencialidad entre la UIF y la Aduana, por ejemplo. Hay que reforzar las capacidades\u201d. Fern\u00e1ndez tambi\u00e9n hizo menci\u00f3n al problema salarial en las Fuerzas Armadas, cuyos sueldos critic\u00f3 por estar en muchos casos <strong>\u201cdebajo de la l\u00ednea de pobreza\u201d.<\/strong><\/p>\n\n\n\n<p><strong>Ra\u00fal Roza<\/strong> esboz\u00f3 un diagn\u00f3stico sobre el estado del sistema de inteligencia argentino. \u201cEst\u00e1 destruido\u201d. Para Roza, el problema se origina cuando cambia el paradigma y el objetivo deja de ser el que marca la Ley de Inteligencia: \u201cSe quiebra el sistema y el organismo empieza a ser utilizado por el gobierno. <strong>Hoy en la Argentina hacer inteligencia no existe. Punto. Todos nuestros vecinos, adversarios y enemigos lo saben\u201d<\/strong>. Roza tambi\u00e9n se refiri\u00f3 a uno de los temas m\u00e1s candentes de la actualidad: el funcionamiento del Sistema Penitenciario Federal. <strong>\u201cNo existe la inteligencia penitenciaria. <\/strong>La famosa \u00c1rea 50 fue desarticulada hace tres a\u00f1os. No es casual lo que vemos en la tele, ni lo que nos pasa a nivel de seguridad en todo el pa\u00eds\u201d. El \u00e1rea mencionada por Roza era la encargada de brindar informaci\u00f3n de calidad sobre lo que suced\u00eda dentro de los penales para actuar con inteligencia criminal y prevenir actos delictivos.&nbsp;<\/p>\n\n\n\n<p>Para <strong>Ren\u00e9 Squetino,<\/strong> del Instituto Hannah Arendt, el problema tiene su origen con la reglamentaci\u00f3n de Ley de Defensa Nacional efectuada durante la \u00e9poca de Nilda Garr\u00e9 al frente del Ministerio de Defensa, la cual considera inconstitucional.&nbsp;<\/p>\n\n\n\n<p>La \u00faltima participaci\u00f3n del encuentro fue la de <strong>Marcelo Rosas Garay<\/strong>, quien resalt\u00f3 la importancia de la defensa nacional, la seguridad interior, la pol\u00edtica exterior y la inteligencia, a los cuales calific\u00f3 de \u201cpilares\u201d de la seguridad nacional.&nbsp;<\/p>\n\n\n\n<p>El cierre del encuentro estuvo a cargo de <strong>Di Chiaro,<\/strong> quien volvi\u00f3 a insistir, al igual que sus colegas, en la necesidad de <strong>\u201cgenerar mecanismos, establecer una hora de ruta que coordine y contar con un piloto de tormenta para generar ese \u00e1mbito de seguridad que hoy la gente demanda\u201d. <\/strong>Para Di Chiaro, uno de los desaf\u00edos m\u00e1s importantes es tambi\u00e9n entender la estrategia de seguridad nacional como una oportunidad de integraci\u00f3n: \u201cCuando uno sale al mundo, observa que <strong>la seguridad nacional marca la agenda de todos los presidentes y las reuniones que se dan al m\u00e1ximo nivel<\/strong>\u201d. Por \u00faltimo, resalt\u00f3 el hito que implic\u00f3 en su momento la Estrategia de Seguridad Nacional presentada en 2019 y que funcion\u00f3 como lema convocante del encuentro: \u201cEn t\u00e9rminos simples, implic\u00f3 <strong>avanzar en el camino de la institucionalidad<\/strong> para lograr una buena gobernanza\u201d.<\/p>\n\n\n\n<p>En representaci\u00f3n del \u00e1mbito acad\u00e9mico, la jornada tambi\u00e9n cont\u00f3 con un panel moderado por <strong>Norberto Pontiroli<\/strong>, cofundador de la Fundaci\u00f3n Argentina Global, que tuvo como participantes a <strong>Jer\u00f3nimo Morales Rins<\/strong>, polit\u00f3logo, profesor e investigador de la Universidad Austral; <strong>Juan Battaleme<\/strong>, director Acad\u00e9mico del CARI; <strong>Lourdes Puente<\/strong>, directora de la Escuela de Pol\u00edtica y Gobierno de la UCA; y <strong>M\u00e1ximo P\u00e9rez Le\u00f3n Barreto<\/strong>, contraalmirante retirado de la Armada Argentina, Director de Asuntos Estrat\u00e9gicos de la Fundaci\u00f3n Argentina Global y docente universitario.<\/p>\n\n\n\n<p>La presente actividad fue realizada en el marco de la Diplomatura en Seguridad Nacional de la Universidad de Belgrano. La misma se dictar\u00e1 bajo la modalidad a distancia (online) a partir del 21 de abril y podr\u00e1 realizarse a distancia. Para m\u00e1s informaci\u00f3n e inscripci\u00f3n dirigirse al correo electr\u00f3nico educacion.continua@ub.edu.ar o por WhatsApp al +54 9 11 2273 2893 (Departamento de Educaci\u00f3n Continua de la Universidad de Belgrano). Para solicitar m\u00e1s informaci\u00f3n sobre este y otros eventos puede hacerlo a trav\u00e9s del correo electr\u00f3nico institucional@argentinaglobal.org.ar.<\/p>","protected":false},"excerpt":{"rendered":"<p>En el marco de la Diplomatura en Seguridad Nacional que dicta la Universidad de Belgrano, y en momentos en que la inseguridad es uno de los reclamos m\u00e1s importantes en [&hellip;]<\/p>","protected":false},"author":6,"featured_media":3141,"comment_status":"open","ping_status":"open","sticky":false,"template":"","format":"standard","meta":{"footnotes":""},"categories":[43],"tags":[],"class_list":["post-3140","post","type-post","status-publish","format-standard","has-post-thumbnail","hentry","category-destacados"],"yoast_head":"<!-- This site is optimized with the Yoast SEO plugin v21.6 - https:\/\/yoast.com\/wordpress\/plugins\/seo\/ -->\n<title>SEMINARIO QUE REFORZ\u00d3 LA NECESIDAD DE CONTAR CON UNA ESTRATEGIA DE SEGURIDAD NACIONAL - Argentina Global<\/title>\n<meta name=\"robots\" content=\"index, follow, max-snippet:-1, max-image-preview:large, max-video-preview:-1\" \/>\n<link rel=\"canonical\" href=\"https:\/\/argentinaglobal.org.ar\/eng\/seminario-que-reforzo-la-necesidad-de-contar-con-una-estrategia-de-seguridad-nacional\/\" \/>\n<meta property=\"og:locale\" content=\"en_US\" \/>\n<meta property=\"og:type\" content=\"article\" \/>\n<meta property=\"og:title\" content=\"SEMINARIO QUE REFORZ\u00d3 LA NECESIDAD DE CONTAR CON UNA ESTRATEGIA DE SEGURIDAD NACIONAL - Argentina Global\" \/>\n<meta property=\"og:description\" content=\"En el marco de la Diplomatura en Seguridad Nacional que dicta la Universidad de Belgrano, y en momentos en que la inseguridad es uno de los reclamos m\u00e1s importantes en [&hellip;]\" \/>\n<meta property=\"og:url\" content=\"https:\/\/argentinaglobal.org.ar\/eng\/seminario-que-reforzo-la-necesidad-de-contar-con-una-estrategia-de-seguridad-nacional\/\" \/>\n<meta property=\"og:site_name\" content=\"Argentina Global\" \/>\n<meta property=\"article:published_time\" content=\"2023-04-10T14:39:28+00:00\" \/>\n<meta property=\"article:modified_time\" content=\"2023-04-10T14:54:48+00:00\" \/>\n<meta property=\"og:image\" content=\"https:\/\/argentinaglobal.org.ar\/wp-content\/uploads\/2023\/04\/WhatsApp-Image-2023-04-05-at-18.21.08.jpeg\" \/>\n\t<meta property=\"og:image:width\" content=\"1600\" \/>\n\t<meta property=\"og:image:height\" content=\"1200\" \/>\n\t<meta property=\"og:image:type\" content=\"image\/jpeg\" \/>\n<meta name=\"author\" content=\"argentinaglobal\" \/>\n<meta name=\"twitter:card\" content=\"summary_large_image\" \/>\n<meta name=\"twitter:label1\" content=\"Written by\" \/>\n\t<meta name=\"twitter:data1\" content=\"argentinaglobal\" \/>\n\t<meta name=\"twitter:label2\" content=\"Est. reading time\" \/>\n\t<meta name=\"twitter:data2\" content=\"6 minutes\" \/>\n<script type=\"application\/ld+json\" class=\"yoast-schema-graph\">{\"@context\":\"https:\/\/schema.org\",\"@graph\":[{\"@type\":\"WebPage\",\"@id\":\"https:\/\/argentinaglobal.org.ar\/seminario-que-reforzo-la-necesidad-de-contar-con-una-estrategia-de-seguridad-nacional\/\",\"url\":\"https:\/\/argentinaglobal.org.ar\/seminario-que-reforzo-la-necesidad-de-contar-con-una-estrategia-de-seguridad-nacional\/\",\"name\":\"SEMINARIO QUE REFORZ\u00d3 LA NECESIDAD DE CONTAR CON UNA ESTRATEGIA DE SEGURIDAD NACIONAL - Argentina Global\",\"isPartOf\":{\"@id\":\"https:\/\/argentinaglobal.org.ar\/#website\"},\"datePublished\":\"2023-04-10T14:39:28+00:00\",\"dateModified\":\"2023-04-10T14:54:48+00:00\",\"author\":{\"@id\":\"https:\/\/argentinaglobal.org.ar\/#\/schema\/person\/f459cc39b48946ccc722893c6d192d71\"},\"breadcrumb\":{\"@id\":\"https:\/\/argentinaglobal.org.ar\/seminario-que-reforzo-la-necesidad-de-contar-con-una-estrategia-de-seguridad-nacional\/#breadcrumb\"},\"inLanguage\":\"en-US\",\"potentialAction\":[{\"@type\":\"ReadAction\",\"target\":[\"https:\/\/argentinaglobal.org.ar\/seminario-que-reforzo-la-necesidad-de-contar-con-una-estrategia-de-seguridad-nacional\/\"]}]},{\"@type\":\"BreadcrumbList\",\"@id\":\"https:\/\/argentinaglobal.org.ar\/seminario-que-reforzo-la-necesidad-de-contar-con-una-estrategia-de-seguridad-nacional\/#breadcrumb\",\"itemListElement\":[{\"@type\":\"ListItem\",\"position\":1,\"name\":\"Inicio\",\"item\":\"https:\/\/argentinaglobal.org.ar\/\"},{\"@type\":\"ListItem\",\"position\":2,\"name\":\"SEMINARIO QUE REFORZ\u00d3 LA NECESIDAD DE CONTAR CON UNA ESTRATEGIA DE SEGURIDAD NACIONAL\"}]},{\"@type\":\"WebSite\",\"@id\":\"https:\/\/argentinaglobal.org.ar\/#website\",\"url\":\"https:\/\/argentinaglobal.org.ar\/\",\"name\":\"Argentina Global\",\"description\":\"\",\"potentialAction\":[{\"@type\":\"SearchAction\",\"target\":{\"@type\":\"EntryPoint\",\"urlTemplate\":\"https:\/\/argentinaglobal.org.ar\/?s={search_term_string}\"},\"query-input\":\"required name=search_term_string\"}],\"inLanguage\":\"en-US\"},{\"@type\":\"Person\",\"@id\":\"https:\/\/argentinaglobal.org.ar\/#\/schema\/person\/f459cc39b48946ccc722893c6d192d71\",\"name\":\"argentinaglobal\",\"image\":{\"@type\":\"ImageObject\",\"inLanguage\":\"en-US\",\"@id\":\"https:\/\/argentinaglobal.org.ar\/#\/schema\/person\/image\/\",\"url\":\"https:\/\/secure.gravatar.com\/avatar\/37259186f665e5eb5cf3bcb8b15a1b8ce35c2eadd20ee8ce43ca981c900e4ce0?s=96&d=mm&r=g\",\"contentUrl\":\"https:\/\/secure.gravatar.com\/avatar\/37259186f665e5eb5cf3bcb8b15a1b8ce35c2eadd20ee8ce43ca981c900e4ce0?s=96&d=mm&r=g\",\"caption\":\"argentinaglobal\"},\"url\":\"https:\/\/argentinaglobal.org.ar\/eng\/author\/argentinaglobal\/\"}]}<\/script>\n<!-- \/ Yoast SEO plugin. -->","yoast_head_json":{"title":"SEMINARIO QUE REFORZ\u00d3 LA NECESIDAD DE CONTAR CON UNA ESTRATEGIA DE SEGURIDAD NACIONAL - Argentina Global","robots":{"index":"index","follow":"follow","max-snippet":"max-snippet:-1","max-image-preview":"max-image-preview:large","max-video-preview":"max-video-preview:-1"},"canonical":"https:\/\/argentinaglobal.org.ar\/eng\/seminario-que-reforzo-la-necesidad-de-contar-con-una-estrategia-de-seguridad-nacional\/","og_locale":"en_US","og_type":"article","og_title":"SEMINARIO QUE REFORZ\u00d3 LA NECESIDAD DE CONTAR CON UNA ESTRATEGIA DE SEGURIDAD NACIONAL - Argentina Global","og_description":"En el marco de la Diplomatura en Seguridad Nacional que dicta la Universidad de Belgrano, y en momentos en que la inseguridad es uno de los reclamos m\u00e1s importantes en [&hellip;]","og_url":"https:\/\/argentinaglobal.org.ar\/eng\/seminario-que-reforzo-la-necesidad-de-contar-con-una-estrategia-de-seguridad-nacional\/","og_site_name":"Argentina Global","article_published_time":"2023-04-10T14:39:28+00:00","article_modified_time":"2023-04-10T14:54:48+00:00","og_image":[{"width":1600,"height":1200,"url":"https:\/\/argentinaglobal.org.ar\/wp-content\/uploads\/2023\/04\/WhatsApp-Image-2023-04-05-at-18.21.08.jpeg","type":"image\/jpeg"}],"author":"argentinaglobal","twitter_card":"summary_large_image","twitter_misc":{"Written by":"argentinaglobal","Est. reading time":"6 minutes"},"schema":{"@context":"https:\/\/schema.org","@graph":[{"@type":"WebPage","@id":"https:\/\/argentinaglobal.org.ar\/seminario-que-reforzo-la-necesidad-de-contar-con-una-estrategia-de-seguridad-nacional\/","url":"https:\/\/argentinaglobal.org.ar\/seminario-que-reforzo-la-necesidad-de-contar-con-una-estrategia-de-seguridad-nacional\/","name":"SEMINARIO QUE REFORZ\u00d3 LA NECESIDAD DE CONTAR CON UNA ESTRATEGIA DE SEGURIDAD NACIONAL - Argentina Global","isPartOf":{"@id":"https:\/\/argentinaglobal.org.ar\/#website"},"datePublished":"2023-04-10T14:39:28+00:00","dateModified":"2023-04-10T14:54:48+00:00","author":{"@id":"https:\/\/argentinaglobal.org.ar\/#\/schema\/person\/f459cc39b48946ccc722893c6d192d71"},"breadcrumb":{"@id":"https:\/\/argentinaglobal.org.ar\/seminario-que-reforzo-la-necesidad-de-contar-con-una-estrategia-de-seguridad-nacional\/#breadcrumb"},"inLanguage":"en-US","potentialAction":[{"@type":"ReadAction","target":["https:\/\/argentinaglobal.org.ar\/seminario-que-reforzo-la-necesidad-de-contar-con-una-estrategia-de-seguridad-nacional\/"]}]},{"@type":"BreadcrumbList","@id":"https:\/\/argentinaglobal.org.ar\/seminario-que-reforzo-la-necesidad-de-contar-con-una-estrategia-de-seguridad-nacional\/#breadcrumb","itemListElement":[{"@type":"ListItem","position":1,"name":"Inicio","item":"https:\/\/argentinaglobal.org.ar\/"},{"@type":"ListItem","position":2,"name":"SEMINARIO QUE REFORZ\u00d3 LA NECESIDAD DE CONTAR CON UNA ESTRATEGIA DE SEGURIDAD NACIONAL"}]},{"@type":"WebSite","@id":"https:\/\/argentinaglobal.org.ar\/#website","url":"https:\/\/argentinaglobal.org.ar\/","name":"Argentina Global","description":"","potentialAction":[{"@type":"SearchAction","target":{"@type":"EntryPoint","urlTemplate":"https:\/\/argentinaglobal.org.ar\/?s={search_term_string}"},"query-input":"required name=search_term_string"}],"inLanguage":"en-US"},{"@type":"Person","@id":"https:\/\/argentinaglobal.org.ar\/#\/schema\/person\/f459cc39b48946ccc722893c6d192d71","name":"argentinaglobal","image":{"@type":"ImageObject","inLanguage":"en-US","@id":"https:\/\/argentinaglobal.org.ar\/#\/schema\/person\/image\/","url":"https:\/\/secure.gravatar.com\/avatar\/37259186f665e5eb5cf3bcb8b15a1b8ce35c2eadd20ee8ce43ca981c900e4ce0?s=96&d=mm&r=g","contentUrl":"https:\/\/secure.gravatar.com\/avatar\/37259186f665e5eb5cf3bcb8b15a1b8ce35c2eadd20ee8ce43ca981c900e4ce0?s=96&d=mm&r=g","caption":"argentinaglobal"},"url":"https:\/\/argentinaglobal.org.ar\/eng\/author\/argentinaglobal\/"}]}},"rttpg_featured_image_url":{"full":["https:\/\/argentinaglobal.org.ar\/wp-content\/uploads\/2023\/04\/WhatsApp-Image-2023-04-05-at-18.21.08.jpeg",1600,1200,false],"landscape":["https:\/\/argentinaglobal.org.ar\/wp-content\/uploads\/2023\/04\/WhatsApp-Image-2023-04-05-at-18.21.08.jpeg",1600,1200,false],"portraits":["https:\/\/argentinaglobal.org.ar\/wp-content\/uploads\/2023\/04\/WhatsApp-Image-2023-04-05-at-18.21.08.jpeg",1600,1200,false],"thumbnail":["https:\/\/argentinaglobal.org.ar\/wp-content\/uploads\/2023\/04\/WhatsApp-Image-2023-04-05-at-18.21.08-150x150.jpeg",150,150,true],"medium":["https:\/\/argentinaglobal.org.ar\/wp-content\/uploads\/2023\/04\/WhatsApp-Image-2023-04-05-at-18.21.08-300x225.jpeg",300,225,true],"large":["https:\/\/argentinaglobal.org.ar\/wp-content\/uploads\/2023\/04\/WhatsApp-Image-2023-04-05-at-18.21.08-1024x768.jpeg",960,720,true],"recent-work-widget":["https:\/\/argentinaglobal.org.ar\/wp-content\/uploads\/2023\/04\/WhatsApp-Image-2023-04-05-at-18.21.08-125x125.jpeg",125,125,true],"1536x1536":["https:\/\/argentinaglobal.org.ar\/wp-content\/uploads\/2023\/04\/WhatsApp-Image-2023-04-05-at-18.21.08-1536x1152.jpeg",1536,1152,true],"2048x2048":["https:\/\/argentinaglobal.org.ar\/wp-content\/uploads\/2023\/04\/WhatsApp-Image-2023-04-05-at-18.21.08.jpeg",1600,1200,false],"trp-custom-language-flag":["https:\/\/argentinaglobal.org.ar\/wp-content\/uploads\/2023\/04\/WhatsApp-Image-2023-04-05-at-18.21.08-16x12.jpeg",16,12,true],"portfolio-2":["https:\/\/argentinaglobal.org.ar\/wp-content\/uploads\/2023\/04\/WhatsApp-Image-2023-04-05-at-18.21.08-540x310.jpeg",540,310,true],"portfolio-3":["https:\/\/argentinaglobal.org.ar\/wp-content\/uploads\/2023\/04\/WhatsApp-Image-2023-04-05-at-18.21.08-401x250.jpeg",401,250,true],"portfolio-4":["https:\/\/argentinaglobal.org.ar\/wp-content\/uploads\/2023\/04\/WhatsApp-Image-2023-04-05-at-18.21.08-401x250.jpeg",401,250,true],"blog-post":["https:\/\/argentinaglobal.org.ar\/wp-content\/uploads\/2023\/04\/WhatsApp-Image-2023-04-05-at-18.21.08-800x400.jpeg",800,400,true],"blog-gallery":["https:\/\/argentinaglobal.org.ar\/wp-content\/uploads\/2023\/04\/WhatsApp-Image-2023-04-05-at-18.21.08-800x400.jpeg",800,400,true],"blog-grid-post":["https:\/\/argentinaglobal.org.ar\/wp-content\/uploads\/2023\/04\/WhatsApp-Image-2023-04-05-at-18.21.08-540x335.jpeg",540,335,true],"blog-fullwidth-post":["https:\/\/argentinaglobal.org.ar\/wp-content\/uploads\/2023\/04\/WhatsApp-Image-2023-04-05-at-18.21.08-1100x500.jpeg",1100,500,true],"recent-post":["https:\/\/argentinaglobal.org.ar\/wp-content\/uploads\/2023\/04\/WhatsApp-Image-2023-04-05-at-18.21.08-514x342.jpeg",514,342,true],"recent-post-tiny":["https:\/\/argentinaglobal.org.ar\/wp-content\/uploads\/2023\/04\/WhatsApp-Image-2023-04-05-at-18.21.08-75x75.jpeg",75,75,true],"testimonial":["https:\/\/argentinaglobal.org.ar\/wp-content\/uploads\/2023\/04\/WhatsApp-Image-2023-04-05-at-18.21.08-48x48.jpeg",48,48,true],"logos":["https:\/\/argentinaglobal.org.ar\/wp-content\/uploads\/2023\/04\/WhatsApp-Image-2023-04-05-at-18.21.08-152x107.jpeg",152,107,true]},"rttpg_author":{"display_name":"argentinaglobal","author_link":"https:\/\/argentinaglobal.org.ar\/eng\/author\/argentinaglobal\/"},"rttpg_comment":133,"rttpg_category":"<a href=\"https:\/\/argentinaglobal.org.ar\/eng\/category\/destacados\/\" rel=\"category tag\">Destacados<\/a>","rttpg_excerpt":"En el marco de la Diplomatura en Seguridad Nacional que dicta la Universidad de Belgrano, y en momentos en que la inseguridad es uno de los reclamos m\u00e1s importantes en [&hellip;]","_links":{"self":[{"href":"https:\/\/argentinaglobal.org.ar\/eng\/wp-json\/wp\/v2\/posts\/3140","targetHints":{"allow":["GET"]}}],"collection":[{"href":"https:\/\/argentinaglobal.org.ar\/eng\/wp-json\/wp\/v2\/posts"}],"about":[{"href":"https:\/\/argentinaglobal.org.ar\/eng\/wp-json\/wp\/v2\/types\/post"}],"author":[{"embeddable":true,"href":"https:\/\/argentinaglobal.org.ar\/eng\/wp-json\/wp\/v2\/users\/6"}],"replies":[{"embeddable":true,"href":"https:\/\/argentinaglobal.org.ar\/eng\/wp-json\/wp\/v2\/comments?post=3140"}],"version-history":[{"count":1,"href":"https:\/\/argentinaglobal.org.ar\/eng\/wp-json\/wp\/v2\/posts\/3140\/revisions"}],"predecessor-version":[{"id":3142,"href":"https:\/\/argentinaglobal.org.ar\/eng\/wp-json\/wp\/v2\/posts\/3140\/revisions\/3142"}],"wp:featuredmedia":[{"embeddable":true,"href":"https:\/\/argentinaglobal.org.ar\/eng\/wp-json\/wp\/v2\/media\/3141"}],"wp:attachment":[{"href":"https:\/\/argentinaglobal.org.ar\/eng\/wp-json\/wp\/v2\/media?parent=3140"}],"wp:term":[{"taxonomy":"category","embeddable":true,"href":"https:\/\/argentinaglobal.org.ar\/eng\/wp-json\/wp\/v2\/categories?post=3140"},{"taxonomy":"post_tag","embeddable":true,"href":"https:\/\/argentinaglobal.org.ar\/eng\/wp-json\/wp\/v2\/tags?post=3140"}],"curies":[{"name":"wp","href":"https:\/\/api.w.org\/{rel}","templated":true}]}}