
{"id":3063,"date":"2022-09-01T01:44:00","date_gmt":"2022-09-01T04:44:00","guid":{"rendered":"http:\/\/argentinaglobal.org.ar\/?p=3063"},"modified":"2023-01-20T01:44:55","modified_gmt":"2023-01-20T04:44:55","slug":"la-pesca-ilegal-y-el-estado-en-el-mar","status":"publish","type":"post","link":"https:\/\/argentinaglobal.org.ar\/eng\/la-pesca-ilegal-y-el-estado-en-el-mar\/","title":{"rendered":"LA PESCA ILEGAL Y EL ESTADO EN EL MAR"},"content":{"rendered":"<figure class=\"wp-block-image size-full is-resized\"><img fetchpriority=\"high\" decoding=\"async\" src=\"http:\/\/argentinaglobal.org.ar\/wp-content\/uploads\/2023\/01\/6ae86c_746ca4279a0442598647f2b2aca40718_mv2.webp\" alt=\"\" class=\"wp-image-3064\" width=\"370\" height=\"208\"\/><\/figure>\n\n\n\n<p><\/p>\n\n\n\n<p id=\"viewer-foo\">POR PAOLA DI CHIARO Y M\u00c1XIMO P\u00c9REZ LE\u00d3N BARRETO<\/p>\n\n\n\n<h1 class=\"wp-block-heading\" id=\"viewer-bhlmn\">Se necesita una estrategia de seguridad mar\u00edtima que haga presente al Estado en el mar y estrategias de cooperaci\u00f3n internacional y nacional para desalentar este tipo de pesca<\/h1>\n\n\n\n<p id=\"viewer-9cudg\">Cada a\u00f1o, vuelven las noticias sobre la pesca ilegal en la \u00e9poca de captura de calamar. Las flotas pesqueras que depredan, las capturas de barcos y el debate sobre el control del mar. El mensaje necesita ser veraz y certero.<\/p>\n\n\n\n<p id=\"viewer-5gov8\">La pesca ilegal es un riesgo creciente y concreto de destrucci\u00f3n del ecosistema marino a la puerta de nuestras casas. A nivel mundial, el veinte por ciento de las prote\u00ednas animales que consumimos provienen del mar, hace cincuenta a\u00f1os era solo del cinco por ciento. Basta combinar ese dato con el crecimiento de la poblaci\u00f3n mundial, para traducirlo en el aumento sostenido del consumo de especies marinas. La depredaci\u00f3n constituye un peligro que debemos detener para proteger nuestra calidad de vida y de las generaciones futuras.<\/p>\n\n\n\n<p id=\"viewer-a6g6i\">Cada a\u00f1o se pierden m\u00e1s de 30 mil millones de d\u00f3lares a nivel mundial por la pesca ilegal, pero el problema de fondo es que est\u00e1 en riesgo el medioambiente marino, regulador del clima mundial. La falta de control sobre la actividad afecta directamente el inter\u00e9s nacional en el Atl\u00e1ntico Sur.<\/p>\n\n\n\n<p id=\"viewer-56s2r\">Nada es m\u00e1s l\u00edquido que las fronteras mar\u00edtimas. La jurisdicci\u00f3n argentina sobre los recursos ict\u00edcolas y su control llegan hasta las 200 millas n\u00e1uticas de la costa, lo que se denomina zona econ\u00f3mica exclusiva. M\u00e1s all\u00e1, en la alta mar, solo se pueden convenir normas de com\u00fan acuerdo con otros estados interesados. Desde 1995, se crearon en el mundo catorce organizaciones regionales de ordenamiento pesquero para desalentar la pesca ilegal, no declarada y no reglamentada sobre la base de la cooperaci\u00f3n entre los interesados. Nosotros, hasta ahora, no contamos con una herramienta para enfrentar este flagelo.<\/p>\n\n\n\n<p id=\"viewer-e6gta\">Desalentar la pesca ilegal requiere la cooperaci\u00f3n internacional y la acci\u00f3n integrada y coordinada en el \u00e1mbito nacional, este es el camino para poner de manera inteligente al Estado en el mar. La situaci\u00f3n actual afecta al medio ambiente marino presente y futuro y por ello a la seguridad internacional y nacional.<\/p>\n\n\n\n<p id=\"viewer-bq08e\">El futuro del mar es un problema complejo. Requiere de una estrategia de seguridad mar\u00edtima que incluya a todos los actores de esta comunidad y garantice el uso sostenible para nosotros y para las pr\u00f3ximas generaciones. \u201cConocer para usar y proteger\u201d resum\u00eda un Almirante de nuestra Armada.<\/p>","protected":false},"excerpt":{"rendered":"<p>POR PAOLA DI CHIARO Y M\u00c1XIMO P\u00c9REZ LE\u00d3N BARRETO Se necesita una estrategia de seguridad mar\u00edtima que haga presente al Estado en el mar y estrategias de cooperaci\u00f3n internacional y [&hellip;]<\/p>","protected":false},"author":3,"featured_media":3065,"comment_status":"closed","ping_status":"closed","sticky":false,"template":"","format":"standard","meta":{"footnotes":""},"categories":[41],"tags":[],"class_list":["post-3063","post","type-post","status-publish","format-standard","has-post-thumbnail","hentry","category-argentina-global"],"yoast_head":"<!-- This site is optimized with the Yoast SEO plugin v21.6 - https:\/\/yoast.com\/wordpress\/plugins\/seo\/ -->\n<title>LA PESCA ILEGAL Y EL ESTADO EN EL MAR - Argentina Global<\/title>\n<meta name=\"robots\" content=\"index, follow, max-snippet:-1, max-image-preview:large, max-video-preview:-1\" \/>\n<link rel=\"canonical\" href=\"https:\/\/argentinaglobal.org.ar\/eng\/la-pesca-ilegal-y-el-estado-en-el-mar\/\" \/>\n<meta property=\"og:locale\" content=\"en_US\" \/>\n<meta property=\"og:type\" content=\"article\" \/>\n<meta property=\"og:title\" content=\"LA PESCA ILEGAL Y EL ESTADO EN EL MAR - Argentina Global\" \/>\n<meta property=\"og:description\" content=\"POR PAOLA DI CHIARO Y M\u00c1XIMO P\u00c9REZ LE\u00d3N BARRETO Se necesita una estrategia de seguridad mar\u00edtima que haga presente al Estado en el mar y estrategias de cooperaci\u00f3n internacional y [&hellip;]\" \/>\n<meta property=\"og:url\" content=\"https:\/\/argentinaglobal.org.ar\/eng\/la-pesca-ilegal-y-el-estado-en-el-mar\/\" \/>\n<meta property=\"og:site_name\" content=\"Argentina Global\" \/>\n<meta property=\"article:published_time\" content=\"2022-09-01T04:44:00+00:00\" \/>\n<meta property=\"article:modified_time\" content=\"2023-01-20T04:44:55+00:00\" \/>\n<meta property=\"og:image\" content=\"https:\/\/argentinaglobal.org.ar\/wp-content\/uploads\/2023\/01\/6ae86c_746ca4279a0442598647f2b2aca40718_mv2-1.webp\" \/>\n\t<meta property=\"og:image:width\" content=\"740\" \/>\n\t<meta property=\"og:image:height\" content=\"416\" \/>\n\t<meta property=\"og:image:type\" content=\"image\/webp\" \/>\n<meta name=\"author\" content=\"dante\" \/>\n<meta name=\"twitter:card\" content=\"summary_large_image\" \/>\n<meta name=\"twitter:label1\" content=\"Written by\" \/>\n\t<meta name=\"twitter:data1\" content=\"dante\" \/>\n\t<meta name=\"twitter:label2\" content=\"Est. reading time\" \/>\n\t<meta name=\"twitter:data2\" content=\"3 minutes\" \/>\n<script type=\"application\/ld+json\" class=\"yoast-schema-graph\">{\"@context\":\"https:\/\/schema.org\",\"@graph\":[{\"@type\":\"WebPage\",\"@id\":\"https:\/\/argentinaglobal.org.ar\/la-pesca-ilegal-y-el-estado-en-el-mar\/\",\"url\":\"https:\/\/argentinaglobal.org.ar\/la-pesca-ilegal-y-el-estado-en-el-mar\/\",\"name\":\"LA PESCA ILEGAL Y EL ESTADO EN EL MAR - Argentina Global\",\"isPartOf\":{\"@id\":\"https:\/\/argentinaglobal.org.ar\/#website\"},\"datePublished\":\"2022-09-01T04:44:00+00:00\",\"dateModified\":\"2023-01-20T04:44:55+00:00\",\"author\":{\"@id\":\"https:\/\/argentinaglobal.org.ar\/#\/schema\/person\/0d43c58a3966908a961d439afd8e378b\"},\"breadcrumb\":{\"@id\":\"https:\/\/argentinaglobal.org.ar\/la-pesca-ilegal-y-el-estado-en-el-mar\/#breadcrumb\"},\"inLanguage\":\"en-US\",\"potentialAction\":[{\"@type\":\"ReadAction\",\"target\":[\"https:\/\/argentinaglobal.org.ar\/la-pesca-ilegal-y-el-estado-en-el-mar\/\"]}]},{\"@type\":\"BreadcrumbList\",\"@id\":\"https:\/\/argentinaglobal.org.ar\/la-pesca-ilegal-y-el-estado-en-el-mar\/#breadcrumb\",\"itemListElement\":[{\"@type\":\"ListItem\",\"position\":1,\"name\":\"Inicio\",\"item\":\"https:\/\/argentinaglobal.org.ar\/\"},{\"@type\":\"ListItem\",\"position\":2,\"name\":\"LA PESCA ILEGAL Y EL ESTADO EN EL MAR\"}]},{\"@type\":\"WebSite\",\"@id\":\"https:\/\/argentinaglobal.org.ar\/#website\",\"url\":\"https:\/\/argentinaglobal.org.ar\/\",\"name\":\"Argentina Global\",\"description\":\"\",\"potentialAction\":[{\"@type\":\"SearchAction\",\"target\":{\"@type\":\"EntryPoint\",\"urlTemplate\":\"https:\/\/argentinaglobal.org.ar\/?s={search_term_string}\"},\"query-input\":\"required name=search_term_string\"}],\"inLanguage\":\"en-US\"},{\"@type\":\"Person\",\"@id\":\"https:\/\/argentinaglobal.org.ar\/#\/schema\/person\/0d43c58a3966908a961d439afd8e378b\",\"name\":\"dante\",\"image\":{\"@type\":\"ImageObject\",\"inLanguage\":\"en-US\",\"@id\":\"https:\/\/argentinaglobal.org.ar\/#\/schema\/person\/image\/\",\"url\":\"https:\/\/secure.gravatar.com\/avatar\/bd125801888c3f0ddc1ef50ce1b2af6c28827667548e57677e12d01246a200d0?s=96&d=mm&r=g\",\"contentUrl\":\"https:\/\/secure.gravatar.com\/avatar\/bd125801888c3f0ddc1ef50ce1b2af6c28827667548e57677e12d01246a200d0?s=96&d=mm&r=g\",\"caption\":\"dante\"},\"url\":\"https:\/\/argentinaglobal.org.ar\/eng\/author\/dante\/\"}]}<\/script>\n<!-- \/ Yoast SEO plugin. -->","yoast_head_json":{"title":"LA PESCA ILEGAL Y EL ESTADO EN EL MAR - Argentina Global","robots":{"index":"index","follow":"follow","max-snippet":"max-snippet:-1","max-image-preview":"max-image-preview:large","max-video-preview":"max-video-preview:-1"},"canonical":"https:\/\/argentinaglobal.org.ar\/eng\/la-pesca-ilegal-y-el-estado-en-el-mar\/","og_locale":"en_US","og_type":"article","og_title":"LA PESCA ILEGAL Y EL ESTADO EN EL MAR - Argentina Global","og_description":"POR PAOLA DI CHIARO Y M\u00c1XIMO P\u00c9REZ LE\u00d3N BARRETO Se necesita una estrategia de seguridad mar\u00edtima que haga presente al Estado en el mar y estrategias de cooperaci\u00f3n internacional y [&hellip;]","og_url":"https:\/\/argentinaglobal.org.ar\/eng\/la-pesca-ilegal-y-el-estado-en-el-mar\/","og_site_name":"Argentina Global","article_published_time":"2022-09-01T04:44:00+00:00","article_modified_time":"2023-01-20T04:44:55+00:00","og_image":[{"width":740,"height":416,"url":"https:\/\/argentinaglobal.org.ar\/wp-content\/uploads\/2023\/01\/6ae86c_746ca4279a0442598647f2b2aca40718_mv2-1.webp","type":"image\/webp"}],"author":"dante","twitter_card":"summary_large_image","twitter_misc":{"Written by":"dante","Est. reading time":"3 minutes"},"schema":{"@context":"https:\/\/schema.org","@graph":[{"@type":"WebPage","@id":"https:\/\/argentinaglobal.org.ar\/la-pesca-ilegal-y-el-estado-en-el-mar\/","url":"https:\/\/argentinaglobal.org.ar\/la-pesca-ilegal-y-el-estado-en-el-mar\/","name":"LA PESCA ILEGAL Y EL ESTADO EN EL MAR - Argentina Global","isPartOf":{"@id":"https:\/\/argentinaglobal.org.ar\/#website"},"datePublished":"2022-09-01T04:44:00+00:00","dateModified":"2023-01-20T04:44:55+00:00","author":{"@id":"https:\/\/argentinaglobal.org.ar\/#\/schema\/person\/0d43c58a3966908a961d439afd8e378b"},"breadcrumb":{"@id":"https:\/\/argentinaglobal.org.ar\/la-pesca-ilegal-y-el-estado-en-el-mar\/#breadcrumb"},"inLanguage":"en-US","potentialAction":[{"@type":"ReadAction","target":["https:\/\/argentinaglobal.org.ar\/la-pesca-ilegal-y-el-estado-en-el-mar\/"]}]},{"@type":"BreadcrumbList","@id":"https:\/\/argentinaglobal.org.ar\/la-pesca-ilegal-y-el-estado-en-el-mar\/#breadcrumb","itemListElement":[{"@type":"ListItem","position":1,"name":"Inicio","item":"https:\/\/argentinaglobal.org.ar\/"},{"@type":"ListItem","position":2,"name":"LA PESCA ILEGAL Y EL ESTADO EN EL MAR"}]},{"@type":"WebSite","@id":"https:\/\/argentinaglobal.org.ar\/#website","url":"https:\/\/argentinaglobal.org.ar\/","name":"Argentina Global","description":"","potentialAction":[{"@type":"SearchAction","target":{"@type":"EntryPoint","urlTemplate":"https:\/\/argentinaglobal.org.ar\/?s={search_term_string}"},"query-input":"required name=search_term_string"}],"inLanguage":"en-US"},{"@type":"Person","@id":"https:\/\/argentinaglobal.org.ar\/#\/schema\/person\/0d43c58a3966908a961d439afd8e378b","name":"dante","image":{"@type":"ImageObject","inLanguage":"en-US","@id":"https:\/\/argentinaglobal.org.ar\/#\/schema\/person\/image\/","url":"https:\/\/secure.gravatar.com\/avatar\/bd125801888c3f0ddc1ef50ce1b2af6c28827667548e57677e12d01246a200d0?s=96&d=mm&r=g","contentUrl":"https:\/\/secure.gravatar.com\/avatar\/bd125801888c3f0ddc1ef50ce1b2af6c28827667548e57677e12d01246a200d0?s=96&d=mm&r=g","caption":"dante"},"url":"https:\/\/argentinaglobal.org.ar\/eng\/author\/dante\/"}]}},"rttpg_featured_image_url":{"full":["https:\/\/argentinaglobal.org.ar\/wp-content\/uploads\/2023\/01\/6ae86c_746ca4279a0442598647f2b2aca40718_mv2-1.webp",740,416,false],"landscape":["https:\/\/argentinaglobal.org.ar\/wp-content\/uploads\/2023\/01\/6ae86c_746ca4279a0442598647f2b2aca40718_mv2-1.webp",740,416,false],"portraits":["https:\/\/argentinaglobal.org.ar\/wp-content\/uploads\/2023\/01\/6ae86c_746ca4279a0442598647f2b2aca40718_mv2-1.webp",740,416,false],"thumbnail":["https:\/\/argentinaglobal.org.ar\/wp-content\/uploads\/2023\/01\/6ae86c_746ca4279a0442598647f2b2aca40718_mv2-1.webp",150,84,false],"medium":["https:\/\/argentinaglobal.org.ar\/wp-content\/uploads\/2023\/01\/6ae86c_746ca4279a0442598647f2b2aca40718_mv2-1.webp",300,169,false],"large":["https:\/\/argentinaglobal.org.ar\/wp-content\/uploads\/2023\/01\/6ae86c_746ca4279a0442598647f2b2aca40718_mv2-1.webp",740,416,false],"recent-work-widget":["https:\/\/argentinaglobal.org.ar\/wp-content\/uploads\/2023\/01\/6ae86c_746ca4279a0442598647f2b2aca40718_mv2-1.webp",125,70,false],"1536x1536":["https:\/\/argentinaglobal.org.ar\/wp-content\/uploads\/2023\/01\/6ae86c_746ca4279a0442598647f2b2aca40718_mv2-1.webp",740,416,false],"2048x2048":["https:\/\/argentinaglobal.org.ar\/wp-content\/uploads\/2023\/01\/6ae86c_746ca4279a0442598647f2b2aca40718_mv2-1.webp",740,416,false],"trp-custom-language-flag":["https:\/\/argentinaglobal.org.ar\/wp-content\/uploads\/2023\/01\/6ae86c_746ca4279a0442598647f2b2aca40718_mv2-1.webp",18,10,false],"portfolio-2":["https:\/\/argentinaglobal.org.ar\/wp-content\/uploads\/2023\/01\/6ae86c_746ca4279a0442598647f2b2aca40718_mv2-1.webp",540,304,false],"portfolio-3":["https:\/\/argentinaglobal.org.ar\/wp-content\/uploads\/2023\/01\/6ae86c_746ca4279a0442598647f2b2aca40718_mv2-1.webp",401,225,false],"portfolio-4":["https:\/\/argentinaglobal.org.ar\/wp-content\/uploads\/2023\/01\/6ae86c_746ca4279a0442598647f2b2aca40718_mv2-1.webp",401,225,false],"blog-post":["https:\/\/argentinaglobal.org.ar\/wp-content\/uploads\/2023\/01\/6ae86c_746ca4279a0442598647f2b2aca40718_mv2-1.webp",712,400,false],"blog-gallery":["https:\/\/argentinaglobal.org.ar\/wp-content\/uploads\/2023\/01\/6ae86c_746ca4279a0442598647f2b2aca40718_mv2-1.webp",712,400,false],"blog-grid-post":["https:\/\/argentinaglobal.org.ar\/wp-content\/uploads\/2023\/01\/6ae86c_746ca4279a0442598647f2b2aca40718_mv2-1.webp",540,304,false],"blog-fullwidth-post":["https:\/\/argentinaglobal.org.ar\/wp-content\/uploads\/2023\/01\/6ae86c_746ca4279a0442598647f2b2aca40718_mv2-1.webp",740,416,false],"recent-post":["https:\/\/argentinaglobal.org.ar\/wp-content\/uploads\/2023\/01\/6ae86c_746ca4279a0442598647f2b2aca40718_mv2-1.webp",514,289,false],"recent-post-tiny":["https:\/\/argentinaglobal.org.ar\/wp-content\/uploads\/2023\/01\/6ae86c_746ca4279a0442598647f2b2aca40718_mv2-1.webp",75,42,false],"testimonial":["https:\/\/argentinaglobal.org.ar\/wp-content\/uploads\/2023\/01\/6ae86c_746ca4279a0442598647f2b2aca40718_mv2-1.webp",48,27,false],"logos":["https:\/\/argentinaglobal.org.ar\/wp-content\/uploads\/2023\/01\/6ae86c_746ca4279a0442598647f2b2aca40718_mv2-1.webp",152,85,false]},"rttpg_author":{"display_name":"dante","author_link":"https:\/\/argentinaglobal.org.ar\/eng\/author\/dante\/"},"rttpg_comment":0,"rttpg_category":"<a href=\"https:\/\/argentinaglobal.org.ar\/eng\/category\/argentina-global\/\" rel=\"category tag\">Argentina Global<\/a>","rttpg_excerpt":"POR PAOLA DI CHIARO Y M\u00c1XIMO P\u00c9REZ LE\u00d3N BARRETO Se necesita una estrategia de seguridad mar\u00edtima que haga presente al Estado en el mar y estrategias de cooperaci\u00f3n internacional y [&hellip;]","_links":{"self":[{"href":"https:\/\/argentinaglobal.org.ar\/eng\/wp-json\/wp\/v2\/posts\/3063","targetHints":{"allow":["GET"]}}],"collection":[{"href":"https:\/\/argentinaglobal.org.ar\/eng\/wp-json\/wp\/v2\/posts"}],"about":[{"href":"https:\/\/argentinaglobal.org.ar\/eng\/wp-json\/wp\/v2\/types\/post"}],"author":[{"embeddable":true,"href":"https:\/\/argentinaglobal.org.ar\/eng\/wp-json\/wp\/v2\/users\/3"}],"replies":[{"embeddable":true,"href":"https:\/\/argentinaglobal.org.ar\/eng\/wp-json\/wp\/v2\/comments?post=3063"}],"version-history":[{"count":1,"href":"https:\/\/argentinaglobal.org.ar\/eng\/wp-json\/wp\/v2\/posts\/3063\/revisions"}],"predecessor-version":[{"id":3066,"href":"https:\/\/argentinaglobal.org.ar\/eng\/wp-json\/wp\/v2\/posts\/3063\/revisions\/3066"}],"wp:featuredmedia":[{"embeddable":true,"href":"https:\/\/argentinaglobal.org.ar\/eng\/wp-json\/wp\/v2\/media\/3065"}],"wp:attachment":[{"href":"https:\/\/argentinaglobal.org.ar\/eng\/wp-json\/wp\/v2\/media?parent=3063"}],"wp:term":[{"taxonomy":"category","embeddable":true,"href":"https:\/\/argentinaglobal.org.ar\/eng\/wp-json\/wp\/v2\/categories?post=3063"},{"taxonomy":"post_tag","embeddable":true,"href":"https:\/\/argentinaglobal.org.ar\/eng\/wp-json\/wp\/v2\/tags?post=3063"}],"curies":[{"name":"wp","href":"https:\/\/api.w.org\/{rel}","templated":true}]}}