
{"id":3059,"date":"2022-09-20T01:43:38","date_gmt":"2022-09-20T04:43:38","guid":{"rendered":"http:\/\/argentinaglobal.org.ar\/?p=3059"},"modified":"2023-01-20T01:56:15","modified_gmt":"2023-01-20T04:56:15","slug":"pandemia-y-religion","status":"publish","type":"post","link":"https:\/\/argentinaglobal.org.ar\/eng\/pandemia-y-religion\/","title":{"rendered":"PANDEMIA Y RELIGI\u00d3N"},"content":{"rendered":"<figure class=\"wp-block-image size-full is-resized\"><img fetchpriority=\"high\" decoding=\"async\" src=\"http:\/\/argentinaglobal.org.ar\/wp-content\/uploads\/2023\/01\/6ae86c_1ffe00eb45034b378bfc18924be7b104_mv2.webp\" alt=\"\" class=\"wp-image-3060\" width=\"370\" height=\"247\"\/><\/figure>\n\n\n\n<p><\/p>\n\n\n\n<p id=\"viewer-foo\"><em>Por Alfredo Abriani<\/em><\/p>\n\n\n\n<p id=\"viewer-5m6dl\">En tiempos de pandemia circulan an\u00e1lisis de distinto tipo: sanitarios, socioecon\u00f3micos y geopol\u00edticos, entre otros. Todos ellos son relevantes y necesarios. Sin embargo, en un mundo donde casi el 85% de la poblaci\u00f3n se identifica con alguna religi\u00f3n, vale la pena contemplar tambi\u00e9n la dimensi\u00f3n espiritual del ser humano en esta crisis in\u00e9dita y extraordinaria que afecta a toda la humanidad. <strong>Amerita preguntarse cu\u00e1l es el aporte de los liderazgos, las confesiones y las distintas instituciones religiosas en este dif\u00edcil momento<\/strong> .<\/p>\n\n\n\n<p id=\"viewer-dik4u\">Durante las crisis tomamos mayor conciencia de la fragilidad y finitud de la vida, especialmente frente a riesgos para nuestra salud y la de los seres queridos. Las confesiones religiosas proveen apoyo y contenci\u00f3n espiritual, promueven valores como la solidaridad y la fraternidad, y adem\u00e1s nos proporcionan esperanza y consuelo. Esto es sumamente importante ya que en los momentos de incertidumbre como el que vivimos, frente a sentimientos de agobio y amenaza ante una determinada situaci\u00f3n, los creyentes nos volvemos a Dios en busca de refugio.<\/p>\n\n\n\n<p id=\"viewer-3gn7n\">Por su parte, los liderazgos religiosos pueden cumplir un rol fundamental en la concientizaci\u00f3n de la poblaci\u00f3n. Los fieles les reconocen autoridad y son referentes para multitudes. Tienen el potencial de convertirse en grandes aliados para difundir las medidas establecidas por las autoridades y, de esta forma, ayudar a que gran parte de la sociedad tome conciencia de cu\u00e1n importante es su cumplimiento.<\/p>\n\n\n\n<p id=\"viewer-7hme5\"><strong>Las confesiones religiosas tambi\u00e9n pueden adoptar medidas que acompa\u00f1en las decisiones de los gobiernos, tomando recaudos para evitar la propagaci\u00f3n del virus<\/strong> . S\u00f3lo por hacer referencia a algunos ejemplos: el Vaticano suspendi\u00f3 las audiencias p\u00fablicas que los mi\u00e9rcoles se realizan en Plaza San Pedro y el Papa celebra la misa diaria sin la presencia de fieles, aunque sus liturgias se transmiten en directo por los canales de streaming del Vaticano. El reino de Arabia Saudita prohibi\u00f3 realizar la peregrinaci\u00f3n a La Meca y Medina, los lugares m\u00e1s sagrados para los musulmanes. Y la Rep\u00fablica Isl\u00e1mica de Ir\u00e1n suspendi\u00f3 en las ciudades m\u00e1s importantes las oraciones de los viernes, el principal d\u00eda de oraci\u00f3n en el islam.<\/p>\n\n\n\n<p id=\"viewer-ckk5d\">Por otro lado, las instituciones religiosas cumplen un rol importante con la asistencia material que brindan a la sociedad. Muchos templos abrieron sus puertas para albergar a gente en situaci\u00f3n de calle y adultos mayores que no puedan cumplir con el aislamiento social preventivo por no contar con las condiciones adecuadas o por falta de medios. Tambi\u00e9n se organizaron donaciones de ropa, alimentos y art\u00edculos de higiene para ayudar a los sectores m\u00e1s vulnerables de la sociedad. Y algunos templos se pusieron a disposici\u00f3n para facilitar la vacunaci\u00f3n antigripal para personas mayores de 60 a\u00f1os, entre otras medidas. Especial menci\u00f3n cabe hacer a la tarea de contenci\u00f3n que realizan los sacerdotes y algunos pastores en los barrios populares con condiciones sanitarias m\u00e1s precarias.<\/p>\n\n\n\n<p id=\"viewer-7togj\">Desde el comienzo de la pandemia ya hemos atravesado Semana Santa y Pesaj, y est\u00e1 a punto de concluir el sagrado mes de Ramad\u00e1n, que est\u00e1n entre las conmemoraciones m\u00e1s importantes para cada una de las tres religiones abrah\u00e1micas, respectivamente, el cristianismo, juda\u00edsmo e islam. Pero esta vez los fieles practicaron sus rituales en casa, vali\u00e9ndose de las nuevas tecnolog\u00edas para conectarse con sus familiares, sus afectos y su comunidad religiosa. Proliferaron los servicios y ceremonias religiosas transmitidas por <em>streaming<\/em> . Adem\u00e1s, por Zoom y otras plataformas digitales se organizaron cenas de Pesaj-seder, ritual de la noche de la Pascua jud\u00eda, que conmemora la libertad y el \u00e9xodo de los israelitas de Egipto- y se celebraron iftares -la ruptura del ayuno que al anochecer realizan los musulmanes cada d\u00eda del mes de Ramad\u00e1n-, permitiendo la participaci\u00f3n no solo de los pr\u00f3ximos sino tambi\u00e9n de los que se encuentran en otras latitudes.<\/p>\n\n\n\n<p id=\"viewer-7qe29\">Nuestra vida cotidiana se alter\u00f3 por completo y nuestras pr\u00e1cticas religiosas no son la excepci\u00f3n. En la Argentina el gobierno nacional dispuso que durante la vigencia del aislamiento social, preventivo y obligatorio no pueden realizarse eventos culturales, recreativos, deportivos, religiosos, ni de ninguna otra \u00edndole que impliquen la concurrencia de personas, pero permiti\u00f3 acertadamente la circulaci\u00f3n de los ministros de los diferentes cultos a los efectos de brindar asistencia espiritual y recientemente, en una nueva etapa, se autoriz\u00f3 la apertura de los templos para la oraci\u00f3n personal de los fieles, teniendo en cuenta las disposiciones sanitarias.<\/p>\n\n\n\n<p id=\"viewer-9k693\">Las restricciones abrieron un debate sensible, que se da tambi\u00e9n en otros pa\u00edses, sobre si estas decisiones afectan o no la libertad religiosa. Es una cuesti\u00f3n opinable, que adem\u00e1s puede estar condicionada seg\u00fan las exigencias de la pr\u00e1ctica religiosa en cada confesi\u00f3n. Es el caso de los cat\u00f3licos, que a ra\u00edz de la imposibilidad de celebrar la misa con p\u00fablico est\u00e1n impedidos de participar de la celebraci\u00f3n eucar\u00edstica, aunque en este caso me inclino por pensar que la gracia de Dios no es negada nunca, menos en este momento de ausencia involuntaria a la celebraci\u00f3n de los sacramentos.<\/p>\n\n\n\n<p id=\"viewer-4aeld\"><strong>La libertad religiosa es un derecho humano fundamental, de los m\u00e1s importantes para el correcto desarrollo de una sociedad, pero tambi\u00e9n tiene sus l\u00edmites<\/strong> . La prohibici\u00f3n de celebrar el culto no es autoritaria ni caprichosas, se trata de una medida excepcional y transitoria, establecida en una circunstancia in\u00e9dita en la que todos tenemos que resignar y hacer un esfuerzo en distintos aspectos por un bien superior comunitario: la salud p\u00fablica. Su fin \u00faltimo no es afectar la libertad religiosa sino evitar la aglomeraci\u00f3n de gente. Si no, veamos lo que ocurri\u00f3 en Corea del Sur, donde se registr\u00f3 un brote relacionado con una iglesia evang\u00e9lica que sigui\u00f3 celebrando ceremonias a pesar de los llamados del gobierno a evitarlas. All\u00ed una mujer de 61 a\u00f1os, miembro de la Iglesia de Jes\u00fas Shincheonji, que no sab\u00eda que hab\u00eda contra\u00eddo el virus, se lo transmiti\u00f3 a cientos de asistentes a los oficios religiosos, incluido el pastor y su esposa.<\/p>\n\n\n\n<p id=\"viewer-5qmi5\">En todo caso la vuelta a la \u201cnormalidad\u201d deber\u00e1 ser paulatina y fruto del di\u00e1logo entre los l\u00edderes religioso y las autoridades civiles, evaluando el avance de la pandemia y tomando todas las medidas necesarias para evitar la propagaci\u00f3n del virus. El papa Francisco pidi\u00f3 recientemente, en medio del levantamiento gradual de las medidas de restricci\u00f3n por la pandemia de coronavirus en varios pa\u00edses, que la gente tenga \u201cprudencia y obediencia\u201d en la salida de la cuarentena.<\/p>\n\n\n\n<p id=\"viewer-depl5\">Si hay algo que nos record\u00f3 la crisis del coronavirus es que en esta sociedad moderna en la que vivimos nadie se salva solo. Nuestro comportamiento afecta al otro, dependemos del compromiso, la solidaridad y la responsabilidad de todos.<\/p>\n\n\n\n<p id=\"viewer-44lnq\"><em>Este art\u00edculo fue publicado originalmente en La Naci\u00f3n el d\u00eda 18 de mayo de 2020<\/em><\/p>","protected":false},"excerpt":{"rendered":"<p>Por Alfredo Abriani En tiempos de pandemia circulan an\u00e1lisis de distinto tipo: sanitarios, socioecon\u00f3micos y geopol\u00edticos, entre otros. Todos ellos son relevantes y necesarios. Sin embargo, en un mundo donde [&hellip;]<\/p>","protected":false},"author":3,"featured_media":3061,"comment_status":"closed","ping_status":"closed","sticky":false,"template":"","format":"standard","meta":{"footnotes":""},"categories":[41],"tags":[],"class_list":["post-3059","post","type-post","status-publish","format-standard","has-post-thumbnail","hentry","category-argentina-global"],"yoast_head":"<!-- This site is optimized with the Yoast SEO plugin v21.6 - https:\/\/yoast.com\/wordpress\/plugins\/seo\/ -->\n<title>PANDEMIA Y RELIGI\u00d3N - Argentina Global<\/title>\n<meta name=\"robots\" content=\"index, follow, max-snippet:-1, max-image-preview:large, max-video-preview:-1\" \/>\n<link rel=\"canonical\" href=\"https:\/\/argentinaglobal.org.ar\/eng\/pandemia-y-religion\/\" \/>\n<meta property=\"og:locale\" content=\"en_US\" \/>\n<meta property=\"og:type\" content=\"article\" \/>\n<meta property=\"og:title\" content=\"PANDEMIA Y RELIGI\u00d3N - Argentina Global\" \/>\n<meta property=\"og:description\" content=\"Por Alfredo Abriani En tiempos de pandemia circulan an\u00e1lisis de distinto tipo: sanitarios, socioecon\u00f3micos y geopol\u00edticos, entre otros. Todos ellos son relevantes y necesarios. Sin embargo, en un mundo donde [&hellip;]\" \/>\n<meta property=\"og:url\" content=\"https:\/\/argentinaglobal.org.ar\/eng\/pandemia-y-religion\/\" \/>\n<meta property=\"og:site_name\" content=\"Argentina Global\" \/>\n<meta property=\"article:published_time\" content=\"2022-09-20T04:43:38+00:00\" \/>\n<meta property=\"article:modified_time\" content=\"2023-01-20T04:56:15+00:00\" \/>\n<meta property=\"og:image\" content=\"https:\/\/argentinaglobal.org.ar\/wp-content\/uploads\/2023\/01\/6ae86c_1ffe00eb45034b378bfc18924be7b104_mv2-1.webp\" \/>\n\t<meta property=\"og:image:width\" content=\"740\" \/>\n\t<meta property=\"og:image:height\" content=\"493\" \/>\n\t<meta property=\"og:image:type\" content=\"image\/webp\" \/>\n<meta name=\"author\" content=\"dante\" \/>\n<meta name=\"twitter:card\" content=\"summary_large_image\" \/>\n<meta name=\"twitter:label1\" content=\"Written by\" \/>\n\t<meta name=\"twitter:data1\" content=\"dante\" \/>\n\t<meta name=\"twitter:label2\" content=\"Est. reading time\" \/>\n\t<meta name=\"twitter:data2\" content=\"6 minutes\" \/>\n<script type=\"application\/ld+json\" class=\"yoast-schema-graph\">{\"@context\":\"https:\/\/schema.org\",\"@graph\":[{\"@type\":\"WebPage\",\"@id\":\"https:\/\/argentinaglobal.org.ar\/pandemia-y-religion\/\",\"url\":\"https:\/\/argentinaglobal.org.ar\/pandemia-y-religion\/\",\"name\":\"PANDEMIA Y RELIGI\u00d3N - Argentina Global\",\"isPartOf\":{\"@id\":\"https:\/\/argentinaglobal.org.ar\/#website\"},\"datePublished\":\"2022-09-20T04:43:38+00:00\",\"dateModified\":\"2023-01-20T04:56:15+00:00\",\"author\":{\"@id\":\"https:\/\/argentinaglobal.org.ar\/#\/schema\/person\/0d43c58a3966908a961d439afd8e378b\"},\"breadcrumb\":{\"@id\":\"https:\/\/argentinaglobal.org.ar\/pandemia-y-religion\/#breadcrumb\"},\"inLanguage\":\"en-US\",\"potentialAction\":[{\"@type\":\"ReadAction\",\"target\":[\"https:\/\/argentinaglobal.org.ar\/pandemia-y-religion\/\"]}]},{\"@type\":\"BreadcrumbList\",\"@id\":\"https:\/\/argentinaglobal.org.ar\/pandemia-y-religion\/#breadcrumb\",\"itemListElement\":[{\"@type\":\"ListItem\",\"position\":1,\"name\":\"Inicio\",\"item\":\"https:\/\/argentinaglobal.org.ar\/\"},{\"@type\":\"ListItem\",\"position\":2,\"name\":\"PANDEMIA Y RELIGI\u00d3N\"}]},{\"@type\":\"WebSite\",\"@id\":\"https:\/\/argentinaglobal.org.ar\/#website\",\"url\":\"https:\/\/argentinaglobal.org.ar\/\",\"name\":\"Argentina Global\",\"description\":\"\",\"potentialAction\":[{\"@type\":\"SearchAction\",\"target\":{\"@type\":\"EntryPoint\",\"urlTemplate\":\"https:\/\/argentinaglobal.org.ar\/?s={search_term_string}\"},\"query-input\":\"required name=search_term_string\"}],\"inLanguage\":\"en-US\"},{\"@type\":\"Person\",\"@id\":\"https:\/\/argentinaglobal.org.ar\/#\/schema\/person\/0d43c58a3966908a961d439afd8e378b\",\"name\":\"dante\",\"image\":{\"@type\":\"ImageObject\",\"inLanguage\":\"en-US\",\"@id\":\"https:\/\/argentinaglobal.org.ar\/#\/schema\/person\/image\/\",\"url\":\"https:\/\/secure.gravatar.com\/avatar\/bd125801888c3f0ddc1ef50ce1b2af6c28827667548e57677e12d01246a200d0?s=96&d=mm&r=g\",\"contentUrl\":\"https:\/\/secure.gravatar.com\/avatar\/bd125801888c3f0ddc1ef50ce1b2af6c28827667548e57677e12d01246a200d0?s=96&d=mm&r=g\",\"caption\":\"dante\"},\"url\":\"https:\/\/argentinaglobal.org.ar\/eng\/author\/dante\/\"}]}<\/script>\n<!-- \/ Yoast SEO plugin. -->","yoast_head_json":{"title":"PANDEMIA Y RELIGI\u00d3N - Argentina Global","robots":{"index":"index","follow":"follow","max-snippet":"max-snippet:-1","max-image-preview":"max-image-preview:large","max-video-preview":"max-video-preview:-1"},"canonical":"https:\/\/argentinaglobal.org.ar\/eng\/pandemia-y-religion\/","og_locale":"en_US","og_type":"article","og_title":"PANDEMIA Y RELIGI\u00d3N - Argentina Global","og_description":"Por Alfredo Abriani En tiempos de pandemia circulan an\u00e1lisis de distinto tipo: sanitarios, socioecon\u00f3micos y geopol\u00edticos, entre otros. Todos ellos son relevantes y necesarios. Sin embargo, en un mundo donde [&hellip;]","og_url":"https:\/\/argentinaglobal.org.ar\/eng\/pandemia-y-religion\/","og_site_name":"Argentina Global","article_published_time":"2022-09-20T04:43:38+00:00","article_modified_time":"2023-01-20T04:56:15+00:00","og_image":[{"width":740,"height":493,"url":"https:\/\/argentinaglobal.org.ar\/wp-content\/uploads\/2023\/01\/6ae86c_1ffe00eb45034b378bfc18924be7b104_mv2-1.webp","type":"image\/webp"}],"author":"dante","twitter_card":"summary_large_image","twitter_misc":{"Written by":"dante","Est. reading time":"6 minutes"},"schema":{"@context":"https:\/\/schema.org","@graph":[{"@type":"WebPage","@id":"https:\/\/argentinaglobal.org.ar\/pandemia-y-religion\/","url":"https:\/\/argentinaglobal.org.ar\/pandemia-y-religion\/","name":"PANDEMIA Y RELIGI\u00d3N - Argentina Global","isPartOf":{"@id":"https:\/\/argentinaglobal.org.ar\/#website"},"datePublished":"2022-09-20T04:43:38+00:00","dateModified":"2023-01-20T04:56:15+00:00","author":{"@id":"https:\/\/argentinaglobal.org.ar\/#\/schema\/person\/0d43c58a3966908a961d439afd8e378b"},"breadcrumb":{"@id":"https:\/\/argentinaglobal.org.ar\/pandemia-y-religion\/#breadcrumb"},"inLanguage":"en-US","potentialAction":[{"@type":"ReadAction","target":["https:\/\/argentinaglobal.org.ar\/pandemia-y-religion\/"]}]},{"@type":"BreadcrumbList","@id":"https:\/\/argentinaglobal.org.ar\/pandemia-y-religion\/#breadcrumb","itemListElement":[{"@type":"ListItem","position":1,"name":"Inicio","item":"https:\/\/argentinaglobal.org.ar\/"},{"@type":"ListItem","position":2,"name":"PANDEMIA Y RELIGI\u00d3N"}]},{"@type":"WebSite","@id":"https:\/\/argentinaglobal.org.ar\/#website","url":"https:\/\/argentinaglobal.org.ar\/","name":"Argentina Global","description":"","potentialAction":[{"@type":"SearchAction","target":{"@type":"EntryPoint","urlTemplate":"https:\/\/argentinaglobal.org.ar\/?s={search_term_string}"},"query-input":"required name=search_term_string"}],"inLanguage":"en-US"},{"@type":"Person","@id":"https:\/\/argentinaglobal.org.ar\/#\/schema\/person\/0d43c58a3966908a961d439afd8e378b","name":"dante","image":{"@type":"ImageObject","inLanguage":"en-US","@id":"https:\/\/argentinaglobal.org.ar\/#\/schema\/person\/image\/","url":"https:\/\/secure.gravatar.com\/avatar\/bd125801888c3f0ddc1ef50ce1b2af6c28827667548e57677e12d01246a200d0?s=96&d=mm&r=g","contentUrl":"https:\/\/secure.gravatar.com\/avatar\/bd125801888c3f0ddc1ef50ce1b2af6c28827667548e57677e12d01246a200d0?s=96&d=mm&r=g","caption":"dante"},"url":"https:\/\/argentinaglobal.org.ar\/eng\/author\/dante\/"}]}},"rttpg_featured_image_url":{"full":["https:\/\/argentinaglobal.org.ar\/wp-content\/uploads\/2023\/01\/6ae86c_1ffe00eb45034b378bfc18924be7b104_mv2-1.webp",740,493,false],"landscape":["https:\/\/argentinaglobal.org.ar\/wp-content\/uploads\/2023\/01\/6ae86c_1ffe00eb45034b378bfc18924be7b104_mv2-1.webp",740,493,false],"portraits":["https:\/\/argentinaglobal.org.ar\/wp-content\/uploads\/2023\/01\/6ae86c_1ffe00eb45034b378bfc18924be7b104_mv2-1.webp",740,493,false],"thumbnail":["https:\/\/argentinaglobal.org.ar\/wp-content\/uploads\/2023\/01\/6ae86c_1ffe00eb45034b378bfc18924be7b104_mv2-1.webp",150,100,false],"medium":["https:\/\/argentinaglobal.org.ar\/wp-content\/uploads\/2023\/01\/6ae86c_1ffe00eb45034b378bfc18924be7b104_mv2-1.webp",300,200,false],"large":["https:\/\/argentinaglobal.org.ar\/wp-content\/uploads\/2023\/01\/6ae86c_1ffe00eb45034b378bfc18924be7b104_mv2-1.webp",740,493,false],"recent-work-widget":["https:\/\/argentinaglobal.org.ar\/wp-content\/uploads\/2023\/01\/6ae86c_1ffe00eb45034b378bfc18924be7b104_mv2-1.webp",125,83,false],"1536x1536":["https:\/\/argentinaglobal.org.ar\/wp-content\/uploads\/2023\/01\/6ae86c_1ffe00eb45034b378bfc18924be7b104_mv2-1.webp",740,493,false],"2048x2048":["https:\/\/argentinaglobal.org.ar\/wp-content\/uploads\/2023\/01\/6ae86c_1ffe00eb45034b378bfc18924be7b104_mv2-1.webp",740,493,false],"trp-custom-language-flag":["https:\/\/argentinaglobal.org.ar\/wp-content\/uploads\/2023\/01\/6ae86c_1ffe00eb45034b378bfc18924be7b104_mv2-1.webp",18,12,false],"portfolio-2":["https:\/\/argentinaglobal.org.ar\/wp-content\/uploads\/2023\/01\/6ae86c_1ffe00eb45034b378bfc18924be7b104_mv2-1.webp",465,310,false],"portfolio-3":["https:\/\/argentinaglobal.org.ar\/wp-content\/uploads\/2023\/01\/6ae86c_1ffe00eb45034b378bfc18924be7b104_mv2-1.webp",375,250,false],"portfolio-4":["https:\/\/argentinaglobal.org.ar\/wp-content\/uploads\/2023\/01\/6ae86c_1ffe00eb45034b378bfc18924be7b104_mv2-1.webp",375,250,false],"blog-post":["https:\/\/argentinaglobal.org.ar\/wp-content\/uploads\/2023\/01\/6ae86c_1ffe00eb45034b378bfc18924be7b104_mv2-1.webp",600,400,false],"blog-gallery":["https:\/\/argentinaglobal.org.ar\/wp-content\/uploads\/2023\/01\/6ae86c_1ffe00eb45034b378bfc18924be7b104_mv2-1.webp",600,400,false],"blog-grid-post":["https:\/\/argentinaglobal.org.ar\/wp-content\/uploads\/2023\/01\/6ae86c_1ffe00eb45034b378bfc18924be7b104_mv2-1.webp",503,335,false],"blog-fullwidth-post":["https:\/\/argentinaglobal.org.ar\/wp-content\/uploads\/2023\/01\/6ae86c_1ffe00eb45034b378bfc18924be7b104_mv2-1.webp",740,493,false],"recent-post":["https:\/\/argentinaglobal.org.ar\/wp-content\/uploads\/2023\/01\/6ae86c_1ffe00eb45034b378bfc18924be7b104_mv2-1.webp",514,342,false],"recent-post-tiny":["https:\/\/argentinaglobal.org.ar\/wp-content\/uploads\/2023\/01\/6ae86c_1ffe00eb45034b378bfc18924be7b104_mv2-1.webp",75,50,false],"testimonial":["https:\/\/argentinaglobal.org.ar\/wp-content\/uploads\/2023\/01\/6ae86c_1ffe00eb45034b378bfc18924be7b104_mv2-1.webp",48,32,false],"logos":["https:\/\/argentinaglobal.org.ar\/wp-content\/uploads\/2023\/01\/6ae86c_1ffe00eb45034b378bfc18924be7b104_mv2-1.webp",152,101,false]},"rttpg_author":{"display_name":"dante","author_link":"https:\/\/argentinaglobal.org.ar\/eng\/author\/dante\/"},"rttpg_comment":0,"rttpg_category":"<a href=\"https:\/\/argentinaglobal.org.ar\/eng\/category\/argentina-global\/\" rel=\"category tag\">Argentina Global<\/a>","rttpg_excerpt":"Por Alfredo Abriani En tiempos de pandemia circulan an\u00e1lisis de distinto tipo: sanitarios, socioecon\u00f3micos y geopol\u00edticos, entre otros. Todos ellos son relevantes y necesarios. Sin embargo, en un mundo donde [&hellip;]","_links":{"self":[{"href":"https:\/\/argentinaglobal.org.ar\/eng\/wp-json\/wp\/v2\/posts\/3059","targetHints":{"allow":["GET"]}}],"collection":[{"href":"https:\/\/argentinaglobal.org.ar\/eng\/wp-json\/wp\/v2\/posts"}],"about":[{"href":"https:\/\/argentinaglobal.org.ar\/eng\/wp-json\/wp\/v2\/types\/post"}],"author":[{"embeddable":true,"href":"https:\/\/argentinaglobal.org.ar\/eng\/wp-json\/wp\/v2\/users\/3"}],"replies":[{"embeddable":true,"href":"https:\/\/argentinaglobal.org.ar\/eng\/wp-json\/wp\/v2\/comments?post=3059"}],"version-history":[{"count":1,"href":"https:\/\/argentinaglobal.org.ar\/eng\/wp-json\/wp\/v2\/posts\/3059\/revisions"}],"predecessor-version":[{"id":3062,"href":"https:\/\/argentinaglobal.org.ar\/eng\/wp-json\/wp\/v2\/posts\/3059\/revisions\/3062"}],"wp:featuredmedia":[{"embeddable":true,"href":"https:\/\/argentinaglobal.org.ar\/eng\/wp-json\/wp\/v2\/media\/3061"}],"wp:attachment":[{"href":"https:\/\/argentinaglobal.org.ar\/eng\/wp-json\/wp\/v2\/media?parent=3059"}],"wp:term":[{"taxonomy":"category","embeddable":true,"href":"https:\/\/argentinaglobal.org.ar\/eng\/wp-json\/wp\/v2\/categories?post=3059"},{"taxonomy":"post_tag","embeddable":true,"href":"https:\/\/argentinaglobal.org.ar\/eng\/wp-json\/wp\/v2\/tags?post=3059"}],"curies":[{"name":"wp","href":"https:\/\/api.w.org\/{rel}","templated":true}]}}