
{"id":3037,"date":"2022-09-01T01:34:41","date_gmt":"2022-09-01T04:34:41","guid":{"rendered":"http:\/\/argentinaglobal.org.ar\/?p=3037"},"modified":"2023-01-20T01:35:57","modified_gmt":"2023-01-20T04:35:57","slug":"la-argentina-y-su-incercion-en-materia-de-seguridad-fisica-nuclear-internacional","status":"publish","type":"post","link":"https:\/\/argentinaglobal.org.ar\/eng\/la-argentina-y-su-incercion-en-materia-de-seguridad-fisica-nuclear-internacional\/","title":{"rendered":"LA ARGENTINA Y SU INCERCI\u00d3N EN MATERIA DE SEGURIDAD F\u00cdSICA NUCLEAR INTERNACIONAL"},"content":{"rendered":"<figure class=\"wp-block-image size-large is-resized\"><img fetchpriority=\"high\" decoding=\"async\" src=\"http:\/\/argentinaglobal.org.ar\/wp-content\/uploads\/2023\/01\/220704-1-1024x684.jpg\" alt=\"\" class=\"wp-image-2848\" width=\"512\" height=\"342\"\/><\/figure>\n\n\n\n<p><\/p>\n\n\n\n<p id=\"viewer-foo\">Por Juli\u00e1n Gadano y Tom\u00e1s Bieda<\/p>\n\n\n\n<p id=\"viewer-78i21\">Los atentados a las Torres Gemelas del 11 de septiembre de 2001 se transformaron en el hito fundacional hist\u00f3rico que marc\u00f3 esquem\u00e1ticamente el inicio de una nueva etapa en materia de seguridad internacional. La magnitud del ataque, las \u201cherramientas\u201d civiles para perpetuarlo, la redefinici\u00f3n hacia objetivos no exclusivamente militares, la log\u00edstica global reemplazando a conflictos territorialmente localizados, entre tantas otras razones, inauguraron un nuevo paradigma de seguridad, en las puertas de un nuevo siglo.<\/p>\n\n\n\n<p id=\"viewer-7qk8b\">En efecto, el \u201cnuevo mundo\u201d que se inici\u00f3 aquel martes borr\u00f3 las fronteras nacionales para los adversarios, globalizando los conflictos y expandiendo los medios disponibles para concretar efectivamente alg\u00fan ataque. As\u00ed, desde aquel instante, presenciamos que ya no hay regiones o lugares inmunes, \u201calejados\u201d o protegidos contra el accionar de organizaciones terroristas, y que sus esfuerzos no se concentran \u00fanicamente en objetivos militares o estrat\u00e9gicos. La geopol\u00edtica mundial presenci\u00f3 la lenta desaparici\u00f3n de los diversos \u201ccentros\u201d del mundo, habilitando una realidad en la que cualquier objeto es susceptible de convertirse en un arma, en la que cualquiera de nosotros se ha transformado en un objetivo potencial &#8211; turistas paseando en bicicleta, amigos disfrutando una rambla playera, ciudadanos celebrando una fiesta nacional, editores y redactores de una revista, etc.<\/p>\n\n\n\n<p id=\"viewer-279ld\">Esta nueva realidad en materia de seguridad internacional tambi\u00e9n tuvo su impacto en el sector nuclear. Hist\u00f3ricamente, la industria nuclear puso su \u00e9nfasis en la seguridad radiol\u00f3gica y en las salvaguardias nucleares. Es decir, por un lado, en proteger a los seres humanos, la sociedad y el medio ambiente de los potenciales efectos nocivos que pudieran producir las radiaciones ionizantes, y por el otro, en la prevenci\u00f3n contra el uso de la tecnolog\u00eda nuclear para usos militares.<\/p>\n\n\n\n<p id=\"viewer-41lau\">Los atentados de septiembre de 2001 reactivaron y potenciaron una dimensi\u00f3n que exist\u00eda, aunque subordinada y aletargada: la seguridad f\u00edsica nuclear. Esto es, la necesidad de prevenir, dificultar y finalmente, evitar el uso con fines maliciosos de la tecnolog\u00eda nuclear. Para decirlo de una manera coloquial, en oposici\u00f3n al principio fundante de la seguridad radiol\u00f3gica, la seguridad f\u00edsica nuclear se dedica a proteger las instalaciones de las personas, ni m\u00e1s ni menos.<\/p>\n\n\n\n<p id=\"viewer-7tllu\">El 11 de septiembre demostr\u00f3 -de la peor forma- que hay gente dispuesta a acciones extremas, llegando incluso a la muerte masiva de civiles como objetivo en s\u00ed mismo, como parte de su accionar pol\u00edtico global. Como lamentablemente suele ocurrir -las acciones de respuesta van detr\u00e1s de los hechos- los atentados reactivaron ex-post la dimensi\u00f3n de la seguridad f\u00edsica en la industria nuclear. Desde aquel momento, comenz\u00f3 a percibirse que este campo deb\u00eda ser, tambi\u00e9n, prioritario.<\/p>\n\n\n\n<p id=\"viewer-fprg5\">La Argentina ha sido un referente mundial en materia de seguridad radiol\u00f3gica y salvaguardias nucleares, desde el inicio mismo de la actividad nuclear. El rol de la Comisi\u00f3n Nacional de Energ\u00eda At\u00f3mica (CNEA), y luego tambi\u00e9n de la Autoridad Regulatoria Nuclear (ARN) en el asesoramiento tras el accidente de Chernobyl, y el rol protag\u00f3nico (e innovador) de la Agencia Brasile\u00f1o-Argentina de Contabilidad y Control de Materiales Nucleares en materia de salvaguardias, son ejemplos de nuestro prestigio mundial en la materia. En este mismo sentido, y apuntando a alcanzar los mismos est\u00e1ndares de excelencia, en los \u00faltimos 4 a\u00f1os, Argentina ha trabajado intensamente en materia de seguridad f\u00edsica nuclear, consiguiendo transformarse en un referente regional (e incluso global). As\u00ed, en un trabajo inter-agencia y de mucha colaboraci\u00f3n con los m\u00faltiples actores involucrados en garantizar la protecci\u00f3n f\u00edsica de la actividad nuclear, se consigui\u00f3 potenciar una l\u00ednea de trabajo pre-existente. De tal modo, se realizaron decenas de talleres en disuasi\u00f3n, detecci\u00f3n nuclear, for\u00e9nsica nuclear, transporte de materiales nucleares, seguridad de fuentes radioactivas, respuesta ante incidentes, sabotaje, ciberseguridad, seguridad en grandes eventos p\u00fablicos y en grandes centros urbanos, entre tantos ejes tem\u00e1ticos. As\u00ed, se capacitaron a miles de t\u00e9cnicos civiles y personal de las fuerzas de seguridad en las especificidades de la seguridad nuclear, se realiz\u00f3 una gran cantidad de ejercicios de escritorio y en el terreno, y se mejoraron decenas de protocolos de seguridad y respuesta ante eventuales actos terroristas involucrando material nuclear o radioactivo. Esto, en un trabajo conjunto entre el Ministerio de Energ\u00eda, el Ministerio de Seguridad y las cuatro fuerzas federales a su cargo, las polic\u00edas provinciales, las Fuerzas Armadas, la CNEA, la ARN, Nucleoel\u00e9ctrica Argentina S.A. (NASA), Defensa Civil, Bomberos de la Polic\u00eda Federal, y por supuesto todo el resto de los actores de la industria nuclear.<\/p>\n\n\n\n<p id=\"viewer-1om6r\">Lo que estamos afirmando no es s\u00f3lo una opini\u00f3n subjetiva. Este gran esfuerzo inter-agencia tiene indicadores objetivos que dan cuenta de su \u00e9xito. Nuclear Threat Initiative (NTI), una de las Organizaciones No Gubernamentales m\u00e1s prestigiosas e importantes en la materia, recientemente public\u00f3 su \u00cdndice de Seguridad F\u00edsica Nuclear (<a href=\"https:\/\/www.ntiindex.org\/\" target=\"_blank\" rel=\"noreferrer noopener\">https:\/\/www.ntiindex.org\/<\/a>). Argentina se encuentra en el puesto n\u00famero 23 de 154 (teniendo en la regi\u00f3n s\u00f3lo por encima a Chile en el puesto 13 y M\u00e9xico en el 15) en lo referido a sus esfuerzos globales en seguridad f\u00edsica nuclear, tomado como indicadores los compromisos legales internacionales, sus capacidades y compromisos dom\u00e9sticos y los riesgos de su entorno. Sin dudas, este es un \u00e1rea en el que siempre se debe continuar mejorando, pero los resultados ilustran el \u00e9xito de los esfuerzos en esta dimensi\u00f3n.<\/p>\n\n\n\n<p id=\"viewer-18j8n\">Sin dudas esto representa un logro importante en una materia y tecnolog\u00eda tan sensibles. Y, en tanto comunidad, debemos festejar estos esfuerzos que trascienden agencias y gestiones ejecutivas. Pero, de ninguna forma la satisfacci\u00f3n de un trabajo bien hecho puede llevarnos a relajarnos y sentir que \u201cya est\u00e1\u201d o que \u201cestamos seguros\u201d. La realidad es siempre din\u00e1mica, los adversarios siempre evolucionan, y se adaptan a nuestras mejoras y adoptan nuevas tecnolog\u00edas, que inauguran otras amenazas. Como un S\u00edsifo eterno, la efectividad en seguridad f\u00edsica nuclear s\u00f3lo nos lleva a la ma\u00f1ana siguiente, en la que todo debe empezar nuevamente y donde debemos redoblar los esfuerzos para intentar estar as\u00ed, siempre, un paso adelante de los adversarios. No podemos darnos el lujo de creer que el \u201c<em>loop<\/em>\u201d tiene fin y que ya \u201chemos ganado\u201d. Mucho menos en un pa\u00eds marcado por las 107 vidas que se interrumpieron violentamente hace 3 d\u00e9cadas, producto de dos atentados terroristas en su ciudad capital.<\/p>","protected":false},"excerpt":{"rendered":"<p>Por Juli\u00e1n Gadano y Tom\u00e1s Bieda Los atentados a las Torres Gemelas del 11 de septiembre de 2001 se transformaron en el hito fundacional hist\u00f3rico que marc\u00f3 esquem\u00e1ticamente el inicio [&hellip;]<\/p>","protected":false},"author":3,"featured_media":2848,"comment_status":"closed","ping_status":"closed","sticky":false,"template":"","format":"standard","meta":{"footnotes":""},"categories":[41],"tags":[],"class_list":["post-3037","post","type-post","status-publish","format-standard","has-post-thumbnail","hentry","category-argentina-global"],"yoast_head":"<!-- This site is optimized with the Yoast SEO plugin v21.6 - https:\/\/yoast.com\/wordpress\/plugins\/seo\/ -->\n<title>LA ARGENTINA Y SU INCERCI\u00d3N EN MATERIA DE SEGURIDAD F\u00cdSICA NUCLEAR INTERNACIONAL - Argentina Global<\/title>\n<meta name=\"robots\" content=\"index, follow, max-snippet:-1, max-image-preview:large, max-video-preview:-1\" \/>\n<link rel=\"canonical\" href=\"https:\/\/argentinaglobal.org.ar\/eng\/la-argentina-y-su-incercion-en-materia-de-seguridad-fisica-nuclear-internacional\/\" \/>\n<meta property=\"og:locale\" content=\"en_US\" \/>\n<meta property=\"og:type\" content=\"article\" \/>\n<meta property=\"og:title\" content=\"LA ARGENTINA Y SU INCERCI\u00d3N EN MATERIA DE SEGURIDAD F\u00cdSICA NUCLEAR INTERNACIONAL - Argentina Global\" \/>\n<meta property=\"og:description\" content=\"Por Juli\u00e1n Gadano y Tom\u00e1s Bieda Los atentados a las Torres Gemelas del 11 de septiembre de 2001 se transformaron en el hito fundacional hist\u00f3rico que marc\u00f3 esquem\u00e1ticamente el inicio [&hellip;]\" \/>\n<meta property=\"og:url\" content=\"https:\/\/argentinaglobal.org.ar\/eng\/la-argentina-y-su-incercion-en-materia-de-seguridad-fisica-nuclear-internacional\/\" \/>\n<meta property=\"og:site_name\" content=\"Argentina Global\" \/>\n<meta property=\"article:published_time\" content=\"2022-09-01T04:34:41+00:00\" \/>\n<meta property=\"article:modified_time\" content=\"2023-01-20T04:35:57+00:00\" \/>\n<meta property=\"og:image\" content=\"https:\/\/argentinaglobal.org.ar\/wp-content\/uploads\/2023\/01\/220704-1-scaled.jpg\" \/>\n\t<meta property=\"og:image:width\" content=\"2560\" \/>\n\t<meta property=\"og:image:height\" content=\"1710\" \/>\n\t<meta property=\"og:image:type\" content=\"image\/jpeg\" \/>\n<meta name=\"author\" content=\"dante\" \/>\n<meta name=\"twitter:card\" content=\"summary_large_image\" \/>\n<meta name=\"twitter:label1\" content=\"Written by\" \/>\n\t<meta name=\"twitter:data1\" content=\"dante\" \/>\n\t<meta name=\"twitter:label2\" content=\"Est. reading time\" \/>\n\t<meta name=\"twitter:data2\" content=\"5 minutes\" \/>\n<script type=\"application\/ld+json\" class=\"yoast-schema-graph\">{\"@context\":\"https:\/\/schema.org\",\"@graph\":[{\"@type\":\"WebPage\",\"@id\":\"https:\/\/argentinaglobal.org.ar\/eng\/la-argentina-y-su-incercion-en-materia-de-seguridad-fisica-nuclear-internacional\/\",\"url\":\"https:\/\/argentinaglobal.org.ar\/eng\/la-argentina-y-su-incercion-en-materia-de-seguridad-fisica-nuclear-internacional\/\",\"name\":\"LA ARGENTINA Y SU INCERCI\u00d3N EN MATERIA DE SEGURIDAD F\u00cdSICA NUCLEAR INTERNACIONAL - Argentina Global\",\"isPartOf\":{\"@id\":\"https:\/\/argentinaglobal.org.ar\/#website\"},\"datePublished\":\"2022-09-01T04:34:41+00:00\",\"dateModified\":\"2023-01-20T04:35:57+00:00\",\"author\":{\"@id\":\"https:\/\/argentinaglobal.org.ar\/#\/schema\/person\/0d43c58a3966908a961d439afd8e378b\"},\"breadcrumb\":{\"@id\":\"https:\/\/argentinaglobal.org.ar\/eng\/la-argentina-y-su-incercion-en-materia-de-seguridad-fisica-nuclear-internacional\/#breadcrumb\"},\"inLanguage\":\"en-US\",\"potentialAction\":[{\"@type\":\"ReadAction\",\"target\":[\"https:\/\/argentinaglobal.org.ar\/eng\/la-argentina-y-su-incercion-en-materia-de-seguridad-fisica-nuclear-internacional\/\"]}]},{\"@type\":\"BreadcrumbList\",\"@id\":\"https:\/\/argentinaglobal.org.ar\/eng\/la-argentina-y-su-incercion-en-materia-de-seguridad-fisica-nuclear-internacional\/#breadcrumb\",\"itemListElement\":[{\"@type\":\"ListItem\",\"position\":1,\"name\":\"Inicio\",\"item\":\"https:\/\/argentinaglobal.org.ar\/\"},{\"@type\":\"ListItem\",\"position\":2,\"name\":\"LA ARGENTINA Y SU INCERCI\u00d3N EN MATERIA DE SEGURIDAD F\u00cdSICA NUCLEAR INTERNACIONAL\"}]},{\"@type\":\"WebSite\",\"@id\":\"https:\/\/argentinaglobal.org.ar\/#website\",\"url\":\"https:\/\/argentinaglobal.org.ar\/\",\"name\":\"Argentina Global\",\"description\":\"\",\"potentialAction\":[{\"@type\":\"SearchAction\",\"target\":{\"@type\":\"EntryPoint\",\"urlTemplate\":\"https:\/\/argentinaglobal.org.ar\/?s={search_term_string}\"},\"query-input\":\"required name=search_term_string\"}],\"inLanguage\":\"en-US\"},{\"@type\":\"Person\",\"@id\":\"https:\/\/argentinaglobal.org.ar\/#\/schema\/person\/0d43c58a3966908a961d439afd8e378b\",\"name\":\"dante\",\"image\":{\"@type\":\"ImageObject\",\"inLanguage\":\"en-US\",\"@id\":\"https:\/\/argentinaglobal.org.ar\/#\/schema\/person\/image\/\",\"url\":\"https:\/\/secure.gravatar.com\/avatar\/bd125801888c3f0ddc1ef50ce1b2af6c28827667548e57677e12d01246a200d0?s=96&d=mm&r=g\",\"contentUrl\":\"https:\/\/secure.gravatar.com\/avatar\/bd125801888c3f0ddc1ef50ce1b2af6c28827667548e57677e12d01246a200d0?s=96&d=mm&r=g\",\"caption\":\"dante\"},\"url\":\"https:\/\/argentinaglobal.org.ar\/eng\/author\/dante\/\"}]}<\/script>\n<!-- \/ Yoast SEO plugin. -->","yoast_head_json":{"title":"LA ARGENTINA Y SU INCERCI\u00d3N EN MATERIA DE SEGURIDAD F\u00cdSICA NUCLEAR INTERNACIONAL - Argentina Global","robots":{"index":"index","follow":"follow","max-snippet":"max-snippet:-1","max-image-preview":"max-image-preview:large","max-video-preview":"max-video-preview:-1"},"canonical":"https:\/\/argentinaglobal.org.ar\/eng\/la-argentina-y-su-incercion-en-materia-de-seguridad-fisica-nuclear-internacional\/","og_locale":"en_US","og_type":"article","og_title":"LA ARGENTINA Y SU INCERCI\u00d3N EN MATERIA DE SEGURIDAD F\u00cdSICA NUCLEAR INTERNACIONAL - Argentina Global","og_description":"Por Juli\u00e1n Gadano y Tom\u00e1s Bieda Los atentados a las Torres Gemelas del 11 de septiembre de 2001 se transformaron en el hito fundacional hist\u00f3rico que marc\u00f3 esquem\u00e1ticamente el inicio [&hellip;]","og_url":"https:\/\/argentinaglobal.org.ar\/eng\/la-argentina-y-su-incercion-en-materia-de-seguridad-fisica-nuclear-internacional\/","og_site_name":"Argentina Global","article_published_time":"2022-09-01T04:34:41+00:00","article_modified_time":"2023-01-20T04:35:57+00:00","og_image":[{"width":2560,"height":1710,"url":"https:\/\/argentinaglobal.org.ar\/wp-content\/uploads\/2023\/01\/220704-1-scaled.jpg","type":"image\/jpeg"}],"author":"dante","twitter_card":"summary_large_image","twitter_misc":{"Written by":"dante","Est. reading time":"5 minutes"},"schema":{"@context":"https:\/\/schema.org","@graph":[{"@type":"WebPage","@id":"https:\/\/argentinaglobal.org.ar\/eng\/la-argentina-y-su-incercion-en-materia-de-seguridad-fisica-nuclear-internacional\/","url":"https:\/\/argentinaglobal.org.ar\/eng\/la-argentina-y-su-incercion-en-materia-de-seguridad-fisica-nuclear-internacional\/","name":"LA ARGENTINA Y SU INCERCI\u00d3N EN MATERIA DE SEGURIDAD F\u00cdSICA NUCLEAR INTERNACIONAL - Argentina Global","isPartOf":{"@id":"https:\/\/argentinaglobal.org.ar\/#website"},"datePublished":"2022-09-01T04:34:41+00:00","dateModified":"2023-01-20T04:35:57+00:00","author":{"@id":"https:\/\/argentinaglobal.org.ar\/#\/schema\/person\/0d43c58a3966908a961d439afd8e378b"},"breadcrumb":{"@id":"https:\/\/argentinaglobal.org.ar\/eng\/la-argentina-y-su-incercion-en-materia-de-seguridad-fisica-nuclear-internacional\/#breadcrumb"},"inLanguage":"en-US","potentialAction":[{"@type":"ReadAction","target":["https:\/\/argentinaglobal.org.ar\/eng\/la-argentina-y-su-incercion-en-materia-de-seguridad-fisica-nuclear-internacional\/"]}]},{"@type":"BreadcrumbList","@id":"https:\/\/argentinaglobal.org.ar\/eng\/la-argentina-y-su-incercion-en-materia-de-seguridad-fisica-nuclear-internacional\/#breadcrumb","itemListElement":[{"@type":"ListItem","position":1,"name":"Inicio","item":"https:\/\/argentinaglobal.org.ar\/"},{"@type":"ListItem","position":2,"name":"LA ARGENTINA Y SU INCERCI\u00d3N EN MATERIA DE SEGURIDAD F\u00cdSICA NUCLEAR INTERNACIONAL"}]},{"@type":"WebSite","@id":"https:\/\/argentinaglobal.org.ar\/#website","url":"https:\/\/argentinaglobal.org.ar\/","name":"Argentina Global","description":"","potentialAction":[{"@type":"SearchAction","target":{"@type":"EntryPoint","urlTemplate":"https:\/\/argentinaglobal.org.ar\/?s={search_term_string}"},"query-input":"required name=search_term_string"}],"inLanguage":"en-US"},{"@type":"Person","@id":"https:\/\/argentinaglobal.org.ar\/#\/schema\/person\/0d43c58a3966908a961d439afd8e378b","name":"dante","image":{"@type":"ImageObject","inLanguage":"en-US","@id":"https:\/\/argentinaglobal.org.ar\/#\/schema\/person\/image\/","url":"https:\/\/secure.gravatar.com\/avatar\/bd125801888c3f0ddc1ef50ce1b2af6c28827667548e57677e12d01246a200d0?s=96&d=mm&r=g","contentUrl":"https:\/\/secure.gravatar.com\/avatar\/bd125801888c3f0ddc1ef50ce1b2af6c28827667548e57677e12d01246a200d0?s=96&d=mm&r=g","caption":"dante"},"url":"https:\/\/argentinaglobal.org.ar\/eng\/author\/dante\/"}]}},"rttpg_featured_image_url":{"full":["https:\/\/argentinaglobal.org.ar\/wp-content\/uploads\/2023\/01\/220704-1-scaled.jpg",2560,1710,false],"landscape":["https:\/\/argentinaglobal.org.ar\/wp-content\/uploads\/2023\/01\/220704-1-scaled.jpg",2560,1710,false],"portraits":["https:\/\/argentinaglobal.org.ar\/wp-content\/uploads\/2023\/01\/220704-1-scaled.jpg",2560,1710,false],"thumbnail":["https:\/\/argentinaglobal.org.ar\/wp-content\/uploads\/2023\/01\/220704-1-150x150.jpg",150,150,true],"medium":["https:\/\/argentinaglobal.org.ar\/wp-content\/uploads\/2023\/01\/220704-1-300x200.jpg",300,200,true],"large":["https:\/\/argentinaglobal.org.ar\/wp-content\/uploads\/2023\/01\/220704-1-1024x684.jpg",960,641,true],"recent-work-widget":["https:\/\/argentinaglobal.org.ar\/wp-content\/uploads\/2023\/01\/220704-1-125x125.jpg",125,125,true],"1536x1536":["https:\/\/argentinaglobal.org.ar\/wp-content\/uploads\/2023\/01\/220704-1-1536x1026.jpg",1536,1026,true],"2048x2048":["https:\/\/argentinaglobal.org.ar\/wp-content\/uploads\/2023\/01\/220704-1-2048x1368.jpg",2048,1368,true],"trp-custom-language-flag":["https:\/\/argentinaglobal.org.ar\/wp-content\/uploads\/2023\/01\/220704-1-18x12.jpg",18,12,true],"portfolio-2":["https:\/\/argentinaglobal.org.ar\/wp-content\/uploads\/2023\/01\/220704-1-540x310.jpg",540,310,true],"portfolio-3":["https:\/\/argentinaglobal.org.ar\/wp-content\/uploads\/2023\/01\/220704-1-401x250.jpg",401,250,true],"portfolio-4":["https:\/\/argentinaglobal.org.ar\/wp-content\/uploads\/2023\/01\/220704-1-401x250.jpg",401,250,true],"blog-post":["https:\/\/argentinaglobal.org.ar\/wp-content\/uploads\/2023\/01\/220704-1-800x400.jpg",800,400,true],"blog-gallery":["https:\/\/argentinaglobal.org.ar\/wp-content\/uploads\/2023\/01\/220704-1-800x400.jpg",800,400,true],"blog-grid-post":["https:\/\/argentinaglobal.org.ar\/wp-content\/uploads\/2023\/01\/220704-1-540x335.jpg",540,335,true],"blog-fullwidth-post":["https:\/\/argentinaglobal.org.ar\/wp-content\/uploads\/2023\/01\/220704-1-1100x500.jpg",1100,500,true],"recent-post":["https:\/\/argentinaglobal.org.ar\/wp-content\/uploads\/2023\/01\/220704-1-514x342.jpg",514,342,true],"recent-post-tiny":["https:\/\/argentinaglobal.org.ar\/wp-content\/uploads\/2023\/01\/220704-1-75x75.jpg",75,75,true],"testimonial":["https:\/\/argentinaglobal.org.ar\/wp-content\/uploads\/2023\/01\/220704-1-48x48.jpg",48,48,true],"logos":["https:\/\/argentinaglobal.org.ar\/wp-content\/uploads\/2023\/01\/220704-1-152x107.jpg",152,107,true]},"rttpg_author":{"display_name":"dante","author_link":"https:\/\/argentinaglobal.org.ar\/eng\/author\/dante\/"},"rttpg_comment":0,"rttpg_category":"<a href=\"https:\/\/argentinaglobal.org.ar\/eng\/category\/argentina-global\/\" rel=\"category tag\">Argentina Global<\/a>","rttpg_excerpt":"Por Juli\u00e1n Gadano y Tom\u00e1s Bieda Los atentados a las Torres Gemelas del 11 de septiembre de 2001 se transformaron en el hito fundacional hist\u00f3rico que marc\u00f3 esquem\u00e1ticamente el inicio [&hellip;]","_links":{"self":[{"href":"https:\/\/argentinaglobal.org.ar\/eng\/wp-json\/wp\/v2\/posts\/3037","targetHints":{"allow":["GET"]}}],"collection":[{"href":"https:\/\/argentinaglobal.org.ar\/eng\/wp-json\/wp\/v2\/posts"}],"about":[{"href":"https:\/\/argentinaglobal.org.ar\/eng\/wp-json\/wp\/v2\/types\/post"}],"author":[{"embeddable":true,"href":"https:\/\/argentinaglobal.org.ar\/eng\/wp-json\/wp\/v2\/users\/3"}],"replies":[{"embeddable":true,"href":"https:\/\/argentinaglobal.org.ar\/eng\/wp-json\/wp\/v2\/comments?post=3037"}],"version-history":[{"count":1,"href":"https:\/\/argentinaglobal.org.ar\/eng\/wp-json\/wp\/v2\/posts\/3037\/revisions"}],"predecessor-version":[{"id":3038,"href":"https:\/\/argentinaglobal.org.ar\/eng\/wp-json\/wp\/v2\/posts\/3037\/revisions\/3038"}],"wp:featuredmedia":[{"embeddable":true,"href":"https:\/\/argentinaglobal.org.ar\/eng\/wp-json\/wp\/v2\/media\/2848"}],"wp:attachment":[{"href":"https:\/\/argentinaglobal.org.ar\/eng\/wp-json\/wp\/v2\/media?parent=3037"}],"wp:term":[{"taxonomy":"category","embeddable":true,"href":"https:\/\/argentinaglobal.org.ar\/eng\/wp-json\/wp\/v2\/categories?post=3037"},{"taxonomy":"post_tag","embeddable":true,"href":"https:\/\/argentinaglobal.org.ar\/eng\/wp-json\/wp\/v2\/tags?post=3037"}],"curies":[{"name":"wp","href":"https:\/\/api.w.org\/{rel}","templated":true}]}}