
{"id":3013,"date":"2022-09-01T01:25:51","date_gmt":"2022-09-01T04:25:51","guid":{"rendered":"http:\/\/argentinaglobal.org.ar\/?p=3013"},"modified":"2023-01-20T01:26:39","modified_gmt":"2023-01-20T04:26:39","slug":"los-desafios-que-enfrena-guatemala","status":"publish","type":"post","link":"https:\/\/argentinaglobal.org.ar\/eng\/los-desafios-que-enfrena-guatemala\/","title":{"rendered":"LOS DESAF\u00cdOS QUE ENFRENA GUATEMALA"},"content":{"rendered":"<figure class=\"wp-block-image size-full is-resized\"><img fetchpriority=\"high\" decoding=\"async\" src=\"http:\/\/argentinaglobal.org.ar\/wp-content\/uploads\/2023\/01\/6ae86c_7c636b5f61ff47cf9adbe93ac552eb55_mv2.webp\" alt=\"\" class=\"wp-image-3014\" width=\"370\" height=\"247\"\/><\/figure>\n\n\n\n<p><\/p>\n\n\n\n<p><\/p>\n\n\n\n<p id=\"viewer-foo\">La corrupci\u00f3n, la impunidad y la falta de transparencia en los asuntos p\u00fablicos son algunos de los aspectos sobre los cuales es necesario tomar medidas espec\u00edficas<\/p>\n\n\n\n<p id=\"viewer-bun5e\">By Fulvio Pompeo<\/p>\n\n\n\n<p id=\"viewer-7s30o\">El 26 de noviembre del 2020, a solicitud del <strong>Gobierno de Guatemala<\/strong>, el Secretario General de la Organizaci\u00f3n de los Estados Americanos (OEA), <strong>Luis Almagro<\/strong>, dispuso el env\u00edo de una misi\u00f3n especial que tuve el honor y la responsabilidad de encabezar.<\/p>\n\n\n\n<p id=\"viewer-224je\">Entre los d\u00edas 27 de noviembre y 2 de diciembre de 2020, tras una convocatoria amplia e inclusiva, tuvimos la oportunidad de dialogar con una multiplicidad de actores representativos del sector p\u00fablico, privado y de la sociedad civil de Guatemala. El proceso incluy\u00f3, entre otros, al Presidente Constitucional Alejandro Giammattei Falla, al Vicepresidente Guillermo Castillo, as\u00ed como miembros del gabinete, legisladores y funcionarios del Poder Judicial, embajadores extranjeros, l\u00edderes sindicales, estudiantiles y religiosos, rectores de universidades, referentes de organizaciones no gubernamentales y empresarios.<\/p>\n\n\n\n<p id=\"viewer-8dgt0\">Pudimos constatar que la manera en la que se trat\u00f3 la aprobaci\u00f3n del presupuesto 2021 por el Congreso de la Rep\u00fablica fue lo que deton\u00f3 las protestas sociales del 21 de noviembre de 2020. Pero tambi\u00e9n fuimos capaces de apreciar que <strong>existen m\u00faltiples reclamos e inquietudes de distintos sectores de la sociedad que van m\u00e1s all\u00e1 de la situaci\u00f3n coyuntural espec\u00edfica, y \u2013en algunos casos\u2014 que anteceden al actual Gobierno.<\/strong><\/p>\n\n\n\n<p id=\"viewer-ma95\">De acuerdo al esp\u00edritu de la Carta Democr\u00e1tica Interamericana, pudimos recoger informaci\u00f3n sobre los aspectos adicionales que rodean la actual crisis pol\u00edtica. Fuimos informados puntualmente sobre la manera en la que la pandemia del COVID-19 y los efectos de las tormentas tropicales Eta e Iota agravaron los problemas estructurales y las brechas de desigualdad en la sociedad guatemalteca.<\/p>\n\n\n\n<p id=\"viewer-8sus8\">Es importante poner de relieve una apreciaci\u00f3n: <strong>la Rep\u00fablica de Guatemala cuenta con instituciones democr\u00e1ticas representativas, capaces de garantizar la estabilidad, la paz y el desarrollo de los guatemaltecos<\/strong>. Sin embargo, existe una preocupaci\u00f3n com\u00fan sobre algunos elementos que podr\u00edan vulnerar el Estado de Derecho y la institucionalidad democr\u00e1tica del pa\u00eds.<\/p>\n\n\n\n<p id=\"viewer-9tgl9\">\u00bfCu\u00e1les son algunas de las coincidencias y preocupaciones comunes entre la gran mayor\u00eda y sobre los cuales es necesario tomar medidas espec\u00edficas? Adem\u00e1s de la conformaci\u00f3n del presupuesto 2021 y el procedimiento legislativo para su aprobaci\u00f3n (el detonante de las movilizaciones), <strong>surgen a las claras temas como la percepci\u00f3n de corrupci\u00f3n, impunidad y falta de transparencia en los asuntos p\u00fablicos.<\/strong><\/p>\n\n\n\n<p id=\"viewer-7fu48\">Asimismo, sobresalen asuntos como la <strong>omisi\u00f3n legislativa en la designaci\u00f3n de magistrados de la Corte Suprema de Justicia <\/strong>y de la Corte de Apelaciones, la necesidad de garantizar un procedimiento transparente para la renovaci\u00f3n de la Corte de Constitucionalidad, y la preocupaci\u00f3n sobre los criterios de competencia de la misma.<\/p>\n\n\n\n<p id=\"viewer-adrd2\">Por otro lado, tambi\u00e9n emergieron temas como la falta de canales de comunicaci\u00f3n adecuados entre las autoridades del Estado, la garant\u00eda del derecho a la protesta social, el uso de la fuerza p\u00fablica en las manifestaciones y las presuntas agresiones contra personas y bienes p\u00fablicos, y el conocimiento de los avances sobre las investigaciones que lleva a cabo el Ministerio P\u00fablico por dichos sucesos.<\/p>\n\n\n\n<p id=\"viewer-76d6a\">Finalmente, <strong>cabe mencionar la necesidad de contar con mecanismos permanentes de interlocuci\u00f3n multisectorial.<\/strong><\/p>\n\n\n\n<p id=\"viewer-fha52\">En relaci\u00f3n a cada uno de los puntos identificados, la Misi\u00f3n emiti\u00f3 una serie de recomendaciones que pretenden generar confianza y, a la vez, constituirse en un esfuerzo continuado de fortalecimiento de la institucionalidad democr\u00e1tica en Guatemala.<\/p>\n\n\n\n<p id=\"viewer-1qbb5\">De cara al futuro, y teniendo en cuenta que hacia fines del 2021 tendr\u00e1 lugar en Guatemala la Asamblea General de la OEA,<strong> la Secretar\u00eda General de la organizaci\u00f3n continuar\u00e1 apoyando los esfuerzos del Gobierno hacia un di\u00e1logo inclusivo que facilite el entendimiento entre todos los sectores de la vida nacional.<\/strong><\/p>\n\n\n\n<p id=\"viewer-f88hv\"><em>*Este art\u00edculo fue publicado en Infobae el 25 de febrero de 2021<\/em><\/p>","protected":false},"excerpt":{"rendered":"<p>La corrupci\u00f3n, la impunidad y la falta de transparencia en los asuntos p\u00fablicos son algunos de los aspectos sobre los cuales es necesario tomar medidas espec\u00edficas Por Fulvio Pompeo El [&hellip;]<\/p>","protected":false},"author":3,"featured_media":3015,"comment_status":"closed","ping_status":"closed","sticky":false,"template":"","format":"standard","meta":{"footnotes":""},"categories":[41],"tags":[],"class_list":["post-3013","post","type-post","status-publish","format-standard","has-post-thumbnail","hentry","category-argentina-global"],"yoast_head":"<!-- This site is optimized with the Yoast SEO plugin v21.6 - https:\/\/yoast.com\/wordpress\/plugins\/seo\/ -->\n<title>LOS DESAF\u00cdOS QUE ENFRENA GUATEMALA - Argentina Global<\/title>\n<meta name=\"robots\" content=\"index, follow, max-snippet:-1, max-image-preview:large, max-video-preview:-1\" \/>\n<link rel=\"canonical\" href=\"https:\/\/argentinaglobal.org.ar\/eng\/los-desafios-que-enfrena-guatemala\/\" \/>\n<meta property=\"og:locale\" content=\"en_US\" \/>\n<meta property=\"og:type\" content=\"article\" \/>\n<meta property=\"og:title\" content=\"LOS DESAF\u00cdOS QUE ENFRENA GUATEMALA - Argentina Global\" \/>\n<meta property=\"og:description\" content=\"La corrupci\u00f3n, la impunidad y la falta de transparencia en los asuntos p\u00fablicos son algunos de los aspectos sobre los cuales es necesario tomar medidas espec\u00edficas Por Fulvio Pompeo El [&hellip;]\" \/>\n<meta property=\"og:url\" content=\"https:\/\/argentinaglobal.org.ar\/eng\/los-desafios-que-enfrena-guatemala\/\" \/>\n<meta property=\"og:site_name\" content=\"Argentina Global\" \/>\n<meta property=\"article:published_time\" content=\"2022-09-01T04:25:51+00:00\" \/>\n<meta property=\"article:modified_time\" content=\"2023-01-20T04:26:39+00:00\" \/>\n<meta property=\"og:image\" content=\"https:\/\/argentinaglobal.org.ar\/wp-content\/uploads\/2023\/01\/6ae86c_7c636b5f61ff47cf9adbe93ac552eb55_mv2-1.webp\" \/>\n\t<meta property=\"og:image:width\" content=\"740\" \/>\n\t<meta property=\"og:image:height\" content=\"493\" \/>\n\t<meta property=\"og:image:type\" content=\"image\/webp\" \/>\n<meta name=\"author\" content=\"dante\" \/>\n<meta name=\"twitter:card\" content=\"summary_large_image\" \/>\n<meta name=\"twitter:label1\" content=\"Written by\" \/>\n\t<meta name=\"twitter:data1\" content=\"dante\" \/>\n\t<meta name=\"twitter:label2\" content=\"Est. reading time\" \/>\n\t<meta name=\"twitter:data2\" content=\"4 minutes\" \/>\n<script type=\"application\/ld+json\" class=\"yoast-schema-graph\">{\"@context\":\"https:\/\/schema.org\",\"@graph\":[{\"@type\":\"WebPage\",\"@id\":\"https:\/\/argentinaglobal.org.ar\/eng\/los-desafios-que-enfrena-guatemala\/\",\"url\":\"https:\/\/argentinaglobal.org.ar\/eng\/los-desafios-que-enfrena-guatemala\/\",\"name\":\"LOS DESAF\u00cdOS QUE ENFRENA GUATEMALA - Argentina Global\",\"isPartOf\":{\"@id\":\"https:\/\/argentinaglobal.org.ar\/#website\"},\"datePublished\":\"2022-09-01T04:25:51+00:00\",\"dateModified\":\"2023-01-20T04:26:39+00:00\",\"author\":{\"@id\":\"https:\/\/argentinaglobal.org.ar\/#\/schema\/person\/0d43c58a3966908a961d439afd8e378b\"},\"breadcrumb\":{\"@id\":\"https:\/\/argentinaglobal.org.ar\/eng\/los-desafios-que-enfrena-guatemala\/#breadcrumb\"},\"inLanguage\":\"en-US\",\"potentialAction\":[{\"@type\":\"ReadAction\",\"target\":[\"https:\/\/argentinaglobal.org.ar\/eng\/los-desafios-que-enfrena-guatemala\/\"]}]},{\"@type\":\"BreadcrumbList\",\"@id\":\"https:\/\/argentinaglobal.org.ar\/eng\/los-desafios-que-enfrena-guatemala\/#breadcrumb\",\"itemListElement\":[{\"@type\":\"ListItem\",\"position\":1,\"name\":\"Inicio\",\"item\":\"https:\/\/argentinaglobal.org.ar\/\"},{\"@type\":\"ListItem\",\"position\":2,\"name\":\"LOS DESAF\u00cdOS QUE ENFRENA GUATEMALA\"}]},{\"@type\":\"WebSite\",\"@id\":\"https:\/\/argentinaglobal.org.ar\/#website\",\"url\":\"https:\/\/argentinaglobal.org.ar\/\",\"name\":\"Argentina Global\",\"description\":\"\",\"potentialAction\":[{\"@type\":\"SearchAction\",\"target\":{\"@type\":\"EntryPoint\",\"urlTemplate\":\"https:\/\/argentinaglobal.org.ar\/?s={search_term_string}\"},\"query-input\":\"required name=search_term_string\"}],\"inLanguage\":\"en-US\"},{\"@type\":\"Person\",\"@id\":\"https:\/\/argentinaglobal.org.ar\/#\/schema\/person\/0d43c58a3966908a961d439afd8e378b\",\"name\":\"dante\",\"image\":{\"@type\":\"ImageObject\",\"inLanguage\":\"en-US\",\"@id\":\"https:\/\/argentinaglobal.org.ar\/#\/schema\/person\/image\/\",\"url\":\"https:\/\/secure.gravatar.com\/avatar\/bd125801888c3f0ddc1ef50ce1b2af6c28827667548e57677e12d01246a200d0?s=96&d=mm&r=g\",\"contentUrl\":\"https:\/\/secure.gravatar.com\/avatar\/bd125801888c3f0ddc1ef50ce1b2af6c28827667548e57677e12d01246a200d0?s=96&d=mm&r=g\",\"caption\":\"dante\"},\"url\":\"https:\/\/argentinaglobal.org.ar\/eng\/author\/dante\/\"}]}<\/script>\n<!-- \/ Yoast SEO plugin. -->","yoast_head_json":{"title":"LOS DESAF\u00cdOS QUE ENFRENA GUATEMALA - Argentina Global","robots":{"index":"index","follow":"follow","max-snippet":"max-snippet:-1","max-image-preview":"max-image-preview:large","max-video-preview":"max-video-preview:-1"},"canonical":"https:\/\/argentinaglobal.org.ar\/eng\/los-desafios-que-enfrena-guatemala\/","og_locale":"en_US","og_type":"article","og_title":"LOS DESAF\u00cdOS QUE ENFRENA GUATEMALA - Argentina Global","og_description":"La corrupci\u00f3n, la impunidad y la falta de transparencia en los asuntos p\u00fablicos son algunos de los aspectos sobre los cuales es necesario tomar medidas espec\u00edficas Por Fulvio Pompeo El [&hellip;]","og_url":"https:\/\/argentinaglobal.org.ar\/eng\/los-desafios-que-enfrena-guatemala\/","og_site_name":"Argentina Global","article_published_time":"2022-09-01T04:25:51+00:00","article_modified_time":"2023-01-20T04:26:39+00:00","og_image":[{"width":740,"height":493,"url":"https:\/\/argentinaglobal.org.ar\/wp-content\/uploads\/2023\/01\/6ae86c_7c636b5f61ff47cf9adbe93ac552eb55_mv2-1.webp","type":"image\/webp"}],"author":"dante","twitter_card":"summary_large_image","twitter_misc":{"Written by":"dante","Est. reading time":"4 minutes"},"schema":{"@context":"https:\/\/schema.org","@graph":[{"@type":"WebPage","@id":"https:\/\/argentinaglobal.org.ar\/eng\/los-desafios-que-enfrena-guatemala\/","url":"https:\/\/argentinaglobal.org.ar\/eng\/los-desafios-que-enfrena-guatemala\/","name":"LOS DESAF\u00cdOS QUE ENFRENA GUATEMALA - Argentina Global","isPartOf":{"@id":"https:\/\/argentinaglobal.org.ar\/#website"},"datePublished":"2022-09-01T04:25:51+00:00","dateModified":"2023-01-20T04:26:39+00:00","author":{"@id":"https:\/\/argentinaglobal.org.ar\/#\/schema\/person\/0d43c58a3966908a961d439afd8e378b"},"breadcrumb":{"@id":"https:\/\/argentinaglobal.org.ar\/eng\/los-desafios-que-enfrena-guatemala\/#breadcrumb"},"inLanguage":"en-US","potentialAction":[{"@type":"ReadAction","target":["https:\/\/argentinaglobal.org.ar\/eng\/los-desafios-que-enfrena-guatemala\/"]}]},{"@type":"BreadcrumbList","@id":"https:\/\/argentinaglobal.org.ar\/eng\/los-desafios-que-enfrena-guatemala\/#breadcrumb","itemListElement":[{"@type":"ListItem","position":1,"name":"Inicio","item":"https:\/\/argentinaglobal.org.ar\/"},{"@type":"ListItem","position":2,"name":"LOS DESAF\u00cdOS QUE ENFRENA GUATEMALA"}]},{"@type":"WebSite","@id":"https:\/\/argentinaglobal.org.ar\/#website","url":"https:\/\/argentinaglobal.org.ar\/","name":"Argentina Global","description":"","potentialAction":[{"@type":"SearchAction","target":{"@type":"EntryPoint","urlTemplate":"https:\/\/argentinaglobal.org.ar\/?s={search_term_string}"},"query-input":"required name=search_term_string"}],"inLanguage":"en-US"},{"@type":"Person","@id":"https:\/\/argentinaglobal.org.ar\/#\/schema\/person\/0d43c58a3966908a961d439afd8e378b","name":"dante","image":{"@type":"ImageObject","inLanguage":"en-US","@id":"https:\/\/argentinaglobal.org.ar\/#\/schema\/person\/image\/","url":"https:\/\/secure.gravatar.com\/avatar\/bd125801888c3f0ddc1ef50ce1b2af6c28827667548e57677e12d01246a200d0?s=96&d=mm&r=g","contentUrl":"https:\/\/secure.gravatar.com\/avatar\/bd125801888c3f0ddc1ef50ce1b2af6c28827667548e57677e12d01246a200d0?s=96&d=mm&r=g","caption":"dante"},"url":"https:\/\/argentinaglobal.org.ar\/eng\/author\/dante\/"}]}},"rttpg_featured_image_url":{"full":["https:\/\/argentinaglobal.org.ar\/wp-content\/uploads\/2023\/01\/6ae86c_7c636b5f61ff47cf9adbe93ac552eb55_mv2-1.webp",740,493,false],"landscape":["https:\/\/argentinaglobal.org.ar\/wp-content\/uploads\/2023\/01\/6ae86c_7c636b5f61ff47cf9adbe93ac552eb55_mv2-1.webp",740,493,false],"portraits":["https:\/\/argentinaglobal.org.ar\/wp-content\/uploads\/2023\/01\/6ae86c_7c636b5f61ff47cf9adbe93ac552eb55_mv2-1.webp",740,493,false],"thumbnail":["https:\/\/argentinaglobal.org.ar\/wp-content\/uploads\/2023\/01\/6ae86c_7c636b5f61ff47cf9adbe93ac552eb55_mv2-1.webp",150,100,false],"medium":["https:\/\/argentinaglobal.org.ar\/wp-content\/uploads\/2023\/01\/6ae86c_7c636b5f61ff47cf9adbe93ac552eb55_mv2-1.webp",300,200,false],"large":["https:\/\/argentinaglobal.org.ar\/wp-content\/uploads\/2023\/01\/6ae86c_7c636b5f61ff47cf9adbe93ac552eb55_mv2-1.webp",740,493,false],"recent-work-widget":["https:\/\/argentinaglobal.org.ar\/wp-content\/uploads\/2023\/01\/6ae86c_7c636b5f61ff47cf9adbe93ac552eb55_mv2-1.webp",125,83,false],"1536x1536":["https:\/\/argentinaglobal.org.ar\/wp-content\/uploads\/2023\/01\/6ae86c_7c636b5f61ff47cf9adbe93ac552eb55_mv2-1.webp",740,493,false],"2048x2048":["https:\/\/argentinaglobal.org.ar\/wp-content\/uploads\/2023\/01\/6ae86c_7c636b5f61ff47cf9adbe93ac552eb55_mv2-1.webp",740,493,false],"trp-custom-language-flag":["https:\/\/argentinaglobal.org.ar\/wp-content\/uploads\/2023\/01\/6ae86c_7c636b5f61ff47cf9adbe93ac552eb55_mv2-1.webp",18,12,false],"portfolio-2":["https:\/\/argentinaglobal.org.ar\/wp-content\/uploads\/2023\/01\/6ae86c_7c636b5f61ff47cf9adbe93ac552eb55_mv2-1.webp",465,310,false],"portfolio-3":["https:\/\/argentinaglobal.org.ar\/wp-content\/uploads\/2023\/01\/6ae86c_7c636b5f61ff47cf9adbe93ac552eb55_mv2-1.webp",375,250,false],"portfolio-4":["https:\/\/argentinaglobal.org.ar\/wp-content\/uploads\/2023\/01\/6ae86c_7c636b5f61ff47cf9adbe93ac552eb55_mv2-1.webp",375,250,false],"blog-post":["https:\/\/argentinaglobal.org.ar\/wp-content\/uploads\/2023\/01\/6ae86c_7c636b5f61ff47cf9adbe93ac552eb55_mv2-1.webp",600,400,false],"blog-gallery":["https:\/\/argentinaglobal.org.ar\/wp-content\/uploads\/2023\/01\/6ae86c_7c636b5f61ff47cf9adbe93ac552eb55_mv2-1.webp",600,400,false],"blog-grid-post":["https:\/\/argentinaglobal.org.ar\/wp-content\/uploads\/2023\/01\/6ae86c_7c636b5f61ff47cf9adbe93ac552eb55_mv2-1.webp",503,335,false],"blog-fullwidth-post":["https:\/\/argentinaglobal.org.ar\/wp-content\/uploads\/2023\/01\/6ae86c_7c636b5f61ff47cf9adbe93ac552eb55_mv2-1.webp",740,493,false],"recent-post":["https:\/\/argentinaglobal.org.ar\/wp-content\/uploads\/2023\/01\/6ae86c_7c636b5f61ff47cf9adbe93ac552eb55_mv2-1.webp",514,342,false],"recent-post-tiny":["https:\/\/argentinaglobal.org.ar\/wp-content\/uploads\/2023\/01\/6ae86c_7c636b5f61ff47cf9adbe93ac552eb55_mv2-1.webp",75,50,false],"testimonial":["https:\/\/argentinaglobal.org.ar\/wp-content\/uploads\/2023\/01\/6ae86c_7c636b5f61ff47cf9adbe93ac552eb55_mv2-1.webp",48,32,false],"logos":["https:\/\/argentinaglobal.org.ar\/wp-content\/uploads\/2023\/01\/6ae86c_7c636b5f61ff47cf9adbe93ac552eb55_mv2-1.webp",152,101,false]},"rttpg_author":{"display_name":"dante","author_link":"https:\/\/argentinaglobal.org.ar\/eng\/author\/dante\/"},"rttpg_comment":0,"rttpg_category":"<a href=\"https:\/\/argentinaglobal.org.ar\/eng\/category\/argentina-global\/\" rel=\"category tag\">Argentina Global<\/a>","rttpg_excerpt":"La corrupci\u00f3n, la impunidad y la falta de transparencia en los asuntos p\u00fablicos son algunos de los aspectos sobre los cuales es necesario tomar medidas espec\u00edficas Por Fulvio Pompeo El [&hellip;]","_links":{"self":[{"href":"https:\/\/argentinaglobal.org.ar\/eng\/wp-json\/wp\/v2\/posts\/3013","targetHints":{"allow":["GET"]}}],"collection":[{"href":"https:\/\/argentinaglobal.org.ar\/eng\/wp-json\/wp\/v2\/posts"}],"about":[{"href":"https:\/\/argentinaglobal.org.ar\/eng\/wp-json\/wp\/v2\/types\/post"}],"author":[{"embeddable":true,"href":"https:\/\/argentinaglobal.org.ar\/eng\/wp-json\/wp\/v2\/users\/3"}],"replies":[{"embeddable":true,"href":"https:\/\/argentinaglobal.org.ar\/eng\/wp-json\/wp\/v2\/comments?post=3013"}],"version-history":[{"count":1,"href":"https:\/\/argentinaglobal.org.ar\/eng\/wp-json\/wp\/v2\/posts\/3013\/revisions"}],"predecessor-version":[{"id":3016,"href":"https:\/\/argentinaglobal.org.ar\/eng\/wp-json\/wp\/v2\/posts\/3013\/revisions\/3016"}],"wp:featuredmedia":[{"embeddable":true,"href":"https:\/\/argentinaglobal.org.ar\/eng\/wp-json\/wp\/v2\/media\/3015"}],"wp:attachment":[{"href":"https:\/\/argentinaglobal.org.ar\/eng\/wp-json\/wp\/v2\/media?parent=3013"}],"wp:term":[{"taxonomy":"category","embeddable":true,"href":"https:\/\/argentinaglobal.org.ar\/eng\/wp-json\/wp\/v2\/categories?post=3013"},{"taxonomy":"post_tag","embeddable":true,"href":"https:\/\/argentinaglobal.org.ar\/eng\/wp-json\/wp\/v2\/tags?post=3013"}],"curies":[{"name":"wp","href":"https:\/\/api.w.org\/{rel}","templated":true}]}}