
{"id":3009,"date":"2022-09-01T01:24:59","date_gmt":"2022-09-01T04:24:59","guid":{"rendered":"http:\/\/argentinaglobal.org.ar\/?p=3009"},"modified":"2023-01-20T01:25:49","modified_gmt":"2023-01-20T04:25:49","slug":"elecciones-en-el-salvador","status":"publish","type":"post","link":"https:\/\/argentinaglobal.org.ar\/eng\/elecciones-en-el-salvador\/","title":{"rendered":"ELECCIONES EN EL SALVADOR"},"content":{"rendered":"<figure class=\"wp-block-image size-full is-resized\"><img fetchpriority=\"high\" decoding=\"async\" src=\"http:\/\/argentinaglobal.org.ar\/wp-content\/uploads\/2023\/01\/6ae86c_922e96de21c44161bd90392d8ea2cb50_mv2.webp\" alt=\"\" class=\"wp-image-3010\" width=\"370\" height=\"199\"\/><\/figure>\n\n\n\n<p><\/p>\n\n\n\n<p id=\"viewer-foo\">Por Norberto Pontiroli<\/p>\n\n\n\n<p id=\"viewer-aoevs\">Ma\u00f1ana, domingo 28 de febrero, habr\u00e1 elecciones en El Salvador. Casi 6 millones de salvadore\u00f1os est\u00e1n habilitados para ir a las urnas, en lo que ser\u00e1 la primera elecci\u00f3n nacional desde que Bukele asumi\u00f3 como Presidente en junio de 2019. Tambi\u00e9n es la primera vez que las elecciones se dan en un contexto de pandemia, lo que oblig\u00f3 al Tribunal Superior Electoral (TSE) a tomar medidas sanitarias para cada uno de los 1.595 centros de votaci\u00f3n habilitados, que re\u00fanen a un total de 8.451 Juntas Receptoras de Votos (Mesas).<\/p>\n\n\n\n<p id=\"viewer-f75pn\">El Salvador utiliza boleta \u00fanica para cada categor\u00eda: 262 Consejos Municipales, 84 Diputaciones a la Asamblea Legislativa (en sus 14 Departamentos) y 20 candidatos titulares y suplentes al Parlamento Centroamericano. Hay 9 partidos pol\u00edticos habilitados para participar. Muchos de ellos conformaron alianzas en diversas jurisdicciones. En el caso del Departamento de San Salvador, sede del Gobierno, compiten en una boleta \u00fanica 9 partidos con 24 candidatos cada uno, m\u00e1s un candidato no partidario. El elector puede optar por un partido en su totalidad, marcando con una cruz el nombre del partido, o elegir a candidatos de diferentes listas hasta alcanzar el n\u00famero de bancas a cubrir para ese distrito.<\/p>\n\n\n\n<p id=\"viewer-47rki\">Si bien el voto no es obligatorio, se espera una alta participaci\u00f3n. Se prev\u00e9 tomar la temperatura a cada votante, como tambi\u00e9n desinfectar sus documentos y mantener distancias entre las autoridades de mesa entre s\u00ed y con los votantes.<\/p>\n\n\n\n<p id=\"viewer-e2kb9\">El Salvador llega a este proceso en medio de una gran polarizaci\u00f3n, tendencia que se viene verificando tambi\u00e9n en resultados de elecciones celebradas en muchos pa\u00edses latinoamericanos desde hace varios a\u00f1os. En el caso salvadore\u00f1o, la polarizaci\u00f3n es alimentada por igual, tanto desde el gobierno como desde la oposici\u00f3n. Ambos sectores hacen un uso inteligente y planificado de las redes sociales para magnificar y difundir, sin intermediarios, sus divergencias y las acusaciones cruzadas (muchas ellas de gravedad institucional). El Presidente Bukele suele dar instrucciones a sus Ministros y funcionarios de gobierno mediante su cuenta de Twitter y \u00e9stos le responden por la misma v\u00eda. Asimismo, el mandatario realiza anuncios sobre actos de gobierno de modo directo, recibiendo cantidades de mensajes de apoyo por parte de sus seguidores. Como contrapartida, algunos opositores participan plasmando sus cr\u00edticas y fundament\u00e1ndolas, lo que constituye un ejercicio interesante de discusi\u00f3n pol\u00edtica v\u00eda redes sociales.<\/p>\n\n\n\n<p id=\"viewer-dvvp1\">Recientemente el TSE acus\u00f3 al Presidente Bukele de haber violado el art\u00edculo 178 del C\u00f3digo Electoral, que establece que \u201c<em>durante los 30 d\u00edas anteriores a la fecha se\u00f1alada para las elecciones, ni el Gobierno de la Rep\u00fablica, ni los Concejos Municipales y dem\u00e1s entidades aut\u00f3nomas, podr\u00e1n publicar en ning\u00fan medio de comunicaci\u00f3n privado o estatal las contrataciones, inauguraciones de obras de infraestructura nacional o de cualquier otra naturaleza que hayan realizado<\/em>\u201d. Concretamente, el Presidente, en infracci\u00f3n a lo prescrito, encabez\u00f3 el acto inaugural de una autopista que reduce el tiempo de viaje de m\u00e1s de una hora a pocos minutos entre San Salvador y las playas de la zona del Puerto de la Libertad, destino muy popular y de preferencia para los salvadore\u00f1os. Tambi\u00e9n anunci\u00f3 la distribuci\u00f3n gratuita de computadoras y tabletas, con acceso a internet, a todos los ni\u00f1os en edad escolar para que puedan continuar con las clases no presenciales en pandemia.<\/p>\n\n\n\n<p id=\"viewer-dvodt\">Estas dos infracciones, objetos de exaltaci\u00f3n por parte de la oposici\u00f3n en estos tiempos electorales, pasan a un segundo plano cuando se le recuerda al electorado la irrupci\u00f3n al Parlamento que tuvo lugar el 9 de febrero de 2020, oportunidad en la que el Presidente se present\u00f3 ante la Asamblea Nacional junto al Ej\u00e9rcito y la Polic\u00eda Nacional para lograr la aprobaci\u00f3n de una serie de cr\u00e9ditos. Se recuerda de ese episodio al Bukele sentado en la silla del Presidente de la Asamblea, or\u00e1ndole a Dios para que guiara por buen camino los destinos de los salvadore\u00f1os y el recinto parlamentario siendo custodiado por militares con armas de guerra. Este acto, poco entendible desde la \u00f3ptica republicana, fue objeto de denuncia y preocupaci\u00f3n por parte de la oposici\u00f3n y de la comunidad internacional. Sobre este punto, y al cumplirse un a\u00f1o de este evento, un diputado opositor present\u00f3 ante la Asamblea una iniciativa para que se sometiera al actual mandatario a un examen de aptitud para la funci\u00f3n. As\u00ed, lo que para la oposici\u00f3n signific\u00f3 un intento de golpe de Estado en febrero del a\u00f1o pasado, la actual iniciativa legislativa se percibe en el mismo sentido por parte del oficialismo.<\/p>\n\n\n\n<p id=\"viewer-3d4is\">Mientras el gobierno sigue denostando a la oposici\u00f3n (formada por ARENA y el FMLN, dos partidos antag\u00f3nicos que se alternaron en el poder en los \u00faltimos a\u00f1os) con frecuentes referencias a su responsabilidad pasada en los actuales males estructurales que padece la sociedad salvadore\u00f1a, desde el oficialismo se hicieron trascender encuestas de opini\u00f3n que anticipan un 97% de apoyo a sus legisladores. Y, por su parte, desde la oposici\u00f3n se reacciona advirtiendo al electorado sobre el riesgo que corre el pa\u00eds sin los necesarios contrapesos republicanos, v\u00eda representaci\u00f3n parlamentaria.<\/p>\n\n\n\n<p id=\"viewer-e7tuj\">Con pocas excepciones, los partidos m\u00e1s importantes utilizan mensajes de campa\u00f1a de tono agresivo e insultante. Los contrapuntos se dan principalmente entre el partido del Presidente Bukele (Nuevas Ideas) y sus aliados, y los partidos tradicionales: ARENA y FMLN. Los partidos \u201cnuevos\u201d, con una oferta de candidatos j\u00f3venes y profesionales que rondan entre 25 y 40 a\u00f1os, para todos los cargos en competencia, aparecen como opciones atractivas para los desencantados de la pol\u00edtica. Al ser partidos recientemente creados, no tienen historia ni de \u00e9xitos ni de fracasos, que es el pilar sobre el que Nuevas Ideas basa sus cr\u00edticas a los viejos partidos. As\u00ed, los partidos nuevos, al no tener flancos objetos de reproches, parecieran ser m\u00e1s competencia para el oficialismo que para la oposici\u00f3n.<\/p>\n\n\n\n<p id=\"viewer-ae6a3\">A este panorama hay que sumar un dato preocupante: el TSE hizo algunos simulacros de escrutinio en d\u00edas pasados con resultados desalentadores, lo que sum\u00f3 nuevas denuncias cruzadas sobre posibles ama\u00f1os en la elecci\u00f3n.<\/p>\n\n\n\n<p id=\"viewer-2v2h2\">En este contexto de malestar pol\u00edtico, donde se desdibujan roles institucionales, buscando justificaci\u00f3n en la pandemia, cobra especial relevancia el rol de la sociedad civil y de la comunidad internacional. Reconocidas ONG, universidades y fundaciones, se unificaron para movilizar un proyecto que propone a los candidatos suscribir un compromiso que garantice el cumplimiento de la Constituci\u00f3n Nacional y cuyos puntos destacados son el respeto al Estado de Derecho, tolerancia cero a la corrupci\u00f3n y reformar la ley de Partidos Pol\u00edticos. En esta iniciativa, que promueve valores elementales y principios propios de la vida en democracia, subyace un sentimiento de desconfianza hacia la corporaci\u00f3n pol\u00edtica, sin importar el color.<\/p>\n\n\n\n<p id=\"viewer-cclfq\">La Embajadas acreditadas, que son actores informados de la cotidianidad pol\u00edtica, han expresado preocupaci\u00f3n. Muchas contribuyeron a financiar la presencia de misiones observadoras electorales, donde sobresale la organizada por la Organizaci\u00f3n de los Estados Americanos (OEA), encabezada por la ex-Gobernadora Mar\u00eda Eugenia Vidal e integrada por 21 personas, de las cuales 11 son mujeres y 10 hombres, seg\u00fan informaron las autoridades.<\/p>\n\n\n\n<p id=\"viewer-6nn6j\">El Salvador llega a su pr\u00f3xima elecci\u00f3n en un clima de incertidumbre sobre lo que ser\u00e1 la conducta de los principales actores pol\u00edticos el domingo a la noche cuando comience la difusi\u00f3n de los primeros resultados. Habr\u00e1 que ver la suerte que corren algunos partidos de reciente creaci\u00f3n y cu\u00e1ntos votos detraen a los partidos dominantes. Pero por sobre todo, habr\u00e1 que ver con qu\u00e9 actitud o nivel de aceptaci\u00f3n, desde el Gobierno y la oposici\u00f3n, se reciben los primeros resultados oficiales. De ello depender\u00e1 transitar el futuro inmediato en un marco de normalidad institucional y paz, o que este pa\u00eds sea nuevamente objeto de preocupaci\u00f3n para la regi\u00f3n y la comunidad internacional.<\/p>","protected":false},"excerpt":{"rendered":"<p>Por Norberto Pontiroli Ma\u00f1ana, domingo 28 de febrero, habr\u00e1 elecciones en El Salvador. Casi 6 millones de salvadore\u00f1os est\u00e1n habilitados para ir a las urnas, en lo que ser\u00e1 la [&hellip;]<\/p>","protected":false},"author":3,"featured_media":3011,"comment_status":"closed","ping_status":"closed","sticky":false,"template":"","format":"standard","meta":{"footnotes":""},"categories":[41],"tags":[],"class_list":["post-3009","post","type-post","status-publish","format-standard","has-post-thumbnail","hentry","category-argentina-global"],"yoast_head":"<!-- This site is optimized with the Yoast SEO plugin v21.6 - https:\/\/yoast.com\/wordpress\/plugins\/seo\/ -->\n<title>ELECCIONES EN EL SALVADOR - Argentina Global<\/title>\n<meta name=\"robots\" content=\"index, follow, max-snippet:-1, max-image-preview:large, max-video-preview:-1\" \/>\n<link rel=\"canonical\" href=\"http:\/\/argentinaglobal.org.ar\/eng\/elecciones-en-el-salvador\/\" \/>\n<meta property=\"og:locale\" content=\"en_US\" \/>\n<meta property=\"og:type\" content=\"article\" \/>\n<meta property=\"og:title\" content=\"ELECCIONES EN EL SALVADOR - Argentina Global\" \/>\n<meta property=\"og:description\" content=\"Por Norberto Pontiroli Ma\u00f1ana, domingo 28 de febrero, habr\u00e1 elecciones en El Salvador. Casi 6 millones de salvadore\u00f1os est\u00e1n habilitados para ir a las urnas, en lo que ser\u00e1 la [&hellip;]\" \/>\n<meta property=\"og:url\" content=\"http:\/\/argentinaglobal.org.ar\/eng\/elecciones-en-el-salvador\/\" \/>\n<meta property=\"og:site_name\" content=\"Argentina Global\" \/>\n<meta property=\"article:published_time\" content=\"2022-09-01T04:24:59+00:00\" \/>\n<meta property=\"article:modified_time\" content=\"2023-01-20T04:25:49+00:00\" \/>\n<meta property=\"og:image\" content=\"https:\/\/argentinaglobal.org.ar\/wp-content\/uploads\/2023\/01\/6ae86c_922e96de21c44161bd90392d8ea2cb50_mv2-1.webp\" \/>\n\t<meta property=\"og:image:width\" content=\"740\" \/>\n\t<meta property=\"og:image:height\" content=\"398\" \/>\n\t<meta property=\"og:image:type\" content=\"image\/webp\" \/>\n<meta name=\"author\" content=\"dante\" \/>\n<meta name=\"twitter:card\" content=\"summary_large_image\" \/>\n<meta name=\"twitter:label1\" content=\"Written by\" \/>\n\t<meta name=\"twitter:data1\" content=\"dante\" \/>\n\t<meta name=\"twitter:label2\" content=\"Est. reading time\" \/>\n\t<meta name=\"twitter:data2\" content=\"7 minutes\" \/>\n<script type=\"application\/ld+json\" class=\"yoast-schema-graph\">{\"@context\":\"https:\/\/schema.org\",\"@graph\":[{\"@type\":\"WebPage\",\"@id\":\"http:\/\/argentinaglobal.org.ar\/eng\/elecciones-en-el-salvador\/\",\"url\":\"http:\/\/argentinaglobal.org.ar\/eng\/elecciones-en-el-salvador\/\",\"name\":\"ELECCIONES EN EL SALVADOR - Argentina Global\",\"isPartOf\":{\"@id\":\"https:\/\/argentinaglobal.org.ar\/#website\"},\"datePublished\":\"2022-09-01T04:24:59+00:00\",\"dateModified\":\"2023-01-20T04:25:49+00:00\",\"author\":{\"@id\":\"https:\/\/argentinaglobal.org.ar\/#\/schema\/person\/0d43c58a3966908a961d439afd8e378b\"},\"breadcrumb\":{\"@id\":\"http:\/\/argentinaglobal.org.ar\/eng\/elecciones-en-el-salvador\/#breadcrumb\"},\"inLanguage\":\"en-US\",\"potentialAction\":[{\"@type\":\"ReadAction\",\"target\":[\"http:\/\/argentinaglobal.org.ar\/eng\/elecciones-en-el-salvador\/\"]}]},{\"@type\":\"BreadcrumbList\",\"@id\":\"http:\/\/argentinaglobal.org.ar\/eng\/elecciones-en-el-salvador\/#breadcrumb\",\"itemListElement\":[{\"@type\":\"ListItem\",\"position\":1,\"name\":\"Inicio\",\"item\":\"https:\/\/argentinaglobal.org.ar\/\"},{\"@type\":\"ListItem\",\"position\":2,\"name\":\"ELECCIONES EN EL SALVADOR\"}]},{\"@type\":\"WebSite\",\"@id\":\"https:\/\/argentinaglobal.org.ar\/#website\",\"url\":\"https:\/\/argentinaglobal.org.ar\/\",\"name\":\"Argentina Global\",\"description\":\"\",\"potentialAction\":[{\"@type\":\"SearchAction\",\"target\":{\"@type\":\"EntryPoint\",\"urlTemplate\":\"https:\/\/argentinaglobal.org.ar\/?s={search_term_string}\"},\"query-input\":\"required name=search_term_string\"}],\"inLanguage\":\"en-US\"},{\"@type\":\"Person\",\"@id\":\"https:\/\/argentinaglobal.org.ar\/#\/schema\/person\/0d43c58a3966908a961d439afd8e378b\",\"name\":\"dante\",\"image\":{\"@type\":\"ImageObject\",\"inLanguage\":\"en-US\",\"@id\":\"https:\/\/argentinaglobal.org.ar\/#\/schema\/person\/image\/\",\"url\":\"https:\/\/secure.gravatar.com\/avatar\/bd125801888c3f0ddc1ef50ce1b2af6c28827667548e57677e12d01246a200d0?s=96&d=mm&r=g\",\"contentUrl\":\"https:\/\/secure.gravatar.com\/avatar\/bd125801888c3f0ddc1ef50ce1b2af6c28827667548e57677e12d01246a200d0?s=96&d=mm&r=g\",\"caption\":\"dante\"},\"url\":\"https:\/\/argentinaglobal.org.ar\/eng\/author\/dante\/\"}]}<\/script>\n<!-- \/ Yoast SEO plugin. -->","yoast_head_json":{"title":"ELECCIONES EN EL SALVADOR - Argentina Global","robots":{"index":"index","follow":"follow","max-snippet":"max-snippet:-1","max-image-preview":"max-image-preview:large","max-video-preview":"max-video-preview:-1"},"canonical":"http:\/\/argentinaglobal.org.ar\/eng\/elecciones-en-el-salvador\/","og_locale":"en_US","og_type":"article","og_title":"ELECCIONES EN EL SALVADOR - Argentina Global","og_description":"Por Norberto Pontiroli Ma\u00f1ana, domingo 28 de febrero, habr\u00e1 elecciones en El Salvador. Casi 6 millones de salvadore\u00f1os est\u00e1n habilitados para ir a las urnas, en lo que ser\u00e1 la [&hellip;]","og_url":"http:\/\/argentinaglobal.org.ar\/eng\/elecciones-en-el-salvador\/","og_site_name":"Argentina Global","article_published_time":"2022-09-01T04:24:59+00:00","article_modified_time":"2023-01-20T04:25:49+00:00","og_image":[{"width":740,"height":398,"url":"https:\/\/argentinaglobal.org.ar\/wp-content\/uploads\/2023\/01\/6ae86c_922e96de21c44161bd90392d8ea2cb50_mv2-1.webp","type":"image\/webp"}],"author":"dante","twitter_card":"summary_large_image","twitter_misc":{"Written by":"dante","Est. reading time":"7 minutes"},"schema":{"@context":"https:\/\/schema.org","@graph":[{"@type":"WebPage","@id":"http:\/\/argentinaglobal.org.ar\/eng\/elecciones-en-el-salvador\/","url":"http:\/\/argentinaglobal.org.ar\/eng\/elecciones-en-el-salvador\/","name":"ELECCIONES EN EL SALVADOR - Argentina Global","isPartOf":{"@id":"https:\/\/argentinaglobal.org.ar\/#website"},"datePublished":"2022-09-01T04:24:59+00:00","dateModified":"2023-01-20T04:25:49+00:00","author":{"@id":"https:\/\/argentinaglobal.org.ar\/#\/schema\/person\/0d43c58a3966908a961d439afd8e378b"},"breadcrumb":{"@id":"http:\/\/argentinaglobal.org.ar\/eng\/elecciones-en-el-salvador\/#breadcrumb"},"inLanguage":"en-US","potentialAction":[{"@type":"ReadAction","target":["http:\/\/argentinaglobal.org.ar\/eng\/elecciones-en-el-salvador\/"]}]},{"@type":"BreadcrumbList","@id":"http:\/\/argentinaglobal.org.ar\/eng\/elecciones-en-el-salvador\/#breadcrumb","itemListElement":[{"@type":"ListItem","position":1,"name":"Inicio","item":"https:\/\/argentinaglobal.org.ar\/"},{"@type":"ListItem","position":2,"name":"ELECCIONES EN EL SALVADOR"}]},{"@type":"WebSite","@id":"https:\/\/argentinaglobal.org.ar\/#website","url":"https:\/\/argentinaglobal.org.ar\/","name":"Argentina Global","description":"","potentialAction":[{"@type":"SearchAction","target":{"@type":"EntryPoint","urlTemplate":"https:\/\/argentinaglobal.org.ar\/?s={search_term_string}"},"query-input":"required name=search_term_string"}],"inLanguage":"en-US"},{"@type":"Person","@id":"https:\/\/argentinaglobal.org.ar\/#\/schema\/person\/0d43c58a3966908a961d439afd8e378b","name":"dante","image":{"@type":"ImageObject","inLanguage":"en-US","@id":"https:\/\/argentinaglobal.org.ar\/#\/schema\/person\/image\/","url":"https:\/\/secure.gravatar.com\/avatar\/bd125801888c3f0ddc1ef50ce1b2af6c28827667548e57677e12d01246a200d0?s=96&d=mm&r=g","contentUrl":"https:\/\/secure.gravatar.com\/avatar\/bd125801888c3f0ddc1ef50ce1b2af6c28827667548e57677e12d01246a200d0?s=96&d=mm&r=g","caption":"dante"},"url":"https:\/\/argentinaglobal.org.ar\/eng\/author\/dante\/"}]}},"rttpg_featured_image_url":{"full":["https:\/\/argentinaglobal.org.ar\/wp-content\/uploads\/2023\/01\/6ae86c_922e96de21c44161bd90392d8ea2cb50_mv2-1.webp",740,398,false],"landscape":["https:\/\/argentinaglobal.org.ar\/wp-content\/uploads\/2023\/01\/6ae86c_922e96de21c44161bd90392d8ea2cb50_mv2-1.webp",740,398,false],"portraits":["https:\/\/argentinaglobal.org.ar\/wp-content\/uploads\/2023\/01\/6ae86c_922e96de21c44161bd90392d8ea2cb50_mv2-1.webp",740,398,false],"thumbnail":["https:\/\/argentinaglobal.org.ar\/wp-content\/uploads\/2023\/01\/6ae86c_922e96de21c44161bd90392d8ea2cb50_mv2-1.webp",150,81,false],"medium":["https:\/\/argentinaglobal.org.ar\/wp-content\/uploads\/2023\/01\/6ae86c_922e96de21c44161bd90392d8ea2cb50_mv2-1.webp",300,161,false],"large":["https:\/\/argentinaglobal.org.ar\/wp-content\/uploads\/2023\/01\/6ae86c_922e96de21c44161bd90392d8ea2cb50_mv2-1.webp",740,398,false],"recent-work-widget":["https:\/\/argentinaglobal.org.ar\/wp-content\/uploads\/2023\/01\/6ae86c_922e96de21c44161bd90392d8ea2cb50_mv2-1.webp",125,67,false],"1536x1536":["https:\/\/argentinaglobal.org.ar\/wp-content\/uploads\/2023\/01\/6ae86c_922e96de21c44161bd90392d8ea2cb50_mv2-1.webp",740,398,false],"2048x2048":["https:\/\/argentinaglobal.org.ar\/wp-content\/uploads\/2023\/01\/6ae86c_922e96de21c44161bd90392d8ea2cb50_mv2-1.webp",740,398,false],"trp-custom-language-flag":["https:\/\/argentinaglobal.org.ar\/wp-content\/uploads\/2023\/01\/6ae86c_922e96de21c44161bd90392d8ea2cb50_mv2-1.webp",18,10,false],"portfolio-2":["https:\/\/argentinaglobal.org.ar\/wp-content\/uploads\/2023\/01\/6ae86c_922e96de21c44161bd90392d8ea2cb50_mv2-1.webp",540,290,false],"portfolio-3":["https:\/\/argentinaglobal.org.ar\/wp-content\/uploads\/2023\/01\/6ae86c_922e96de21c44161bd90392d8ea2cb50_mv2-1.webp",401,216,false],"portfolio-4":["https:\/\/argentinaglobal.org.ar\/wp-content\/uploads\/2023\/01\/6ae86c_922e96de21c44161bd90392d8ea2cb50_mv2-1.webp",401,216,false],"blog-post":["https:\/\/argentinaglobal.org.ar\/wp-content\/uploads\/2023\/01\/6ae86c_922e96de21c44161bd90392d8ea2cb50_mv2-1.webp",740,398,false],"blog-gallery":["https:\/\/argentinaglobal.org.ar\/wp-content\/uploads\/2023\/01\/6ae86c_922e96de21c44161bd90392d8ea2cb50_mv2-1.webp",740,398,false],"blog-grid-post":["https:\/\/argentinaglobal.org.ar\/wp-content\/uploads\/2023\/01\/6ae86c_922e96de21c44161bd90392d8ea2cb50_mv2-1.webp",540,290,false],"blog-fullwidth-post":["https:\/\/argentinaglobal.org.ar\/wp-content\/uploads\/2023\/01\/6ae86c_922e96de21c44161bd90392d8ea2cb50_mv2-1.webp",740,398,false],"recent-post":["https:\/\/argentinaglobal.org.ar\/wp-content\/uploads\/2023\/01\/6ae86c_922e96de21c44161bd90392d8ea2cb50_mv2-1.webp",514,276,false],"recent-post-tiny":["https:\/\/argentinaglobal.org.ar\/wp-content\/uploads\/2023\/01\/6ae86c_922e96de21c44161bd90392d8ea2cb50_mv2-1.webp",75,40,false],"testimonial":["https:\/\/argentinaglobal.org.ar\/wp-content\/uploads\/2023\/01\/6ae86c_922e96de21c44161bd90392d8ea2cb50_mv2-1.webp",48,26,false],"logos":["https:\/\/argentinaglobal.org.ar\/wp-content\/uploads\/2023\/01\/6ae86c_922e96de21c44161bd90392d8ea2cb50_mv2-1.webp",152,82,false]},"rttpg_author":{"display_name":"dante","author_link":"https:\/\/argentinaglobal.org.ar\/eng\/author\/dante\/"},"rttpg_comment":0,"rttpg_category":"<a href=\"https:\/\/argentinaglobal.org.ar\/eng\/category\/argentina-global\/\" rel=\"category tag\">Argentina Global<\/a>","rttpg_excerpt":"Por Norberto Pontiroli Ma\u00f1ana, domingo 28 de febrero, habr\u00e1 elecciones en El Salvador. Casi 6 millones de salvadore\u00f1os est\u00e1n habilitados para ir a las urnas, en lo que ser\u00e1 la [&hellip;]","_links":{"self":[{"href":"https:\/\/argentinaglobal.org.ar\/eng\/wp-json\/wp\/v2\/posts\/3009","targetHints":{"allow":["GET"]}}],"collection":[{"href":"https:\/\/argentinaglobal.org.ar\/eng\/wp-json\/wp\/v2\/posts"}],"about":[{"href":"https:\/\/argentinaglobal.org.ar\/eng\/wp-json\/wp\/v2\/types\/post"}],"author":[{"embeddable":true,"href":"https:\/\/argentinaglobal.org.ar\/eng\/wp-json\/wp\/v2\/users\/3"}],"replies":[{"embeddable":true,"href":"https:\/\/argentinaglobal.org.ar\/eng\/wp-json\/wp\/v2\/comments?post=3009"}],"version-history":[{"count":1,"href":"https:\/\/argentinaglobal.org.ar\/eng\/wp-json\/wp\/v2\/posts\/3009\/revisions"}],"predecessor-version":[{"id":3012,"href":"https:\/\/argentinaglobal.org.ar\/eng\/wp-json\/wp\/v2\/posts\/3009\/revisions\/3012"}],"wp:featuredmedia":[{"embeddable":true,"href":"https:\/\/argentinaglobal.org.ar\/eng\/wp-json\/wp\/v2\/media\/3011"}],"wp:attachment":[{"href":"https:\/\/argentinaglobal.org.ar\/eng\/wp-json\/wp\/v2\/media?parent=3009"}],"wp:term":[{"taxonomy":"category","embeddable":true,"href":"https:\/\/argentinaglobal.org.ar\/eng\/wp-json\/wp\/v2\/categories?post=3009"},{"taxonomy":"post_tag","embeddable":true,"href":"https:\/\/argentinaglobal.org.ar\/eng\/wp-json\/wp\/v2\/tags?post=3009"}],"curies":[{"name":"wp","href":"https:\/\/api.w.org\/{rel}","templated":true}]}}