
{"id":2931,"date":"2022-09-01T00:50:03","date_gmt":"2022-09-01T03:50:03","guid":{"rendered":"http:\/\/argentinaglobal.org.ar\/?p=2931"},"modified":"2023-01-20T00:52:43","modified_gmt":"2023-01-20T03:52:43","slug":"pandemia-mar-y-cambio-climatico-2","status":"publish","type":"post","link":"https:\/\/argentinaglobal.org.ar\/eng\/pandemia-mar-y-cambio-climatico-2\/","title":{"rendered":"PANDEMIC, SEA AND CLIMATE CHANGE"},"content":{"rendered":"<figure class=\"wp-block-image size-full is-resized\"><img fetchpriority=\"high\" decoding=\"async\" src=\"http:\/\/argentinaglobal.org.ar\/wp-content\/uploads\/2023\/01\/6ae86c_b64d18790d374ae693a4a74738ad1acb_mv2.webp\" alt=\"\" class=\"wp-image-2932\" width=\"370\" height=\"185\"\/><\/figure>\n\n\n\n<p><\/p>\n\n\n\n<p><\/p>\n\n\n\n<p id=\"viewer-1i9bb\">In this work, we will address three issues; and its possible impacts in the coming decade.<\/p>\n\n\n\n<p id=\"viewer-m181\">\u25cf La pandemia y el desarrollo humano<\/p>\n\n\n\n<p id=\"viewer-4shcv\">\u25cf El Mar Argentino<\/p>\n\n\n\n<p id=\"viewer-344vi\">\u25cb relaci\u00f3n con Uruguay<\/p>\n\n\n\n<p id=\"viewer-3o5m2\">\u25cb disputa con China<\/p>\n\n\n\n<p id=\"viewer-3vjh8\">\u25cf Cambio Clim\u00e1tico<\/p>\n\n\n\n<p id=\"viewer-14h70\"><strong><u>The pandemic and human development<\/u><\/strong><\/p>\n\n\n\n<p id=\"viewer-59m1m\">As at the national level, one of the biggest challenges facing our country deals with the pandemic, and the effects will be seen in the development of human and technological.<\/p>\n\n\n\n<p id=\"viewer-1tkdi\">As human development is referred to as the process in which a society, from economic development, improvement of the integral of the living conditions of its members. In this sense, human development means not only that individuals have the resources sufficient to cover their basic needs, but also to have access to the systems of health and education, adequate levels of security staff, full political freedoms and cultural, as well as the ability to cultivate their interests and develop their potential productive and creative, among other things.<\/p>\n\n\n\n<p id=\"viewer-4s058\">In this way, human development also means quality of life, active participation in the decisions that affect our environment, opportunities to develop to the best of our abilities and respect for human rights and the dignity of life.<\/p>\n\n\n\n<p id=\"viewer-fk8op\">The combined impact of these shocks could lead to a decline unprecedented in the levels of human development.<\/p>\n\n\n\n<p id=\"viewer-adgbm\">The forecasts suggest that the fall of the human development will be much higher in developing countries who have the least means to manage the social and economic effects of the pandemic that other richer countries.<\/p>\n\n\n\n<p id=\"viewer-fv3bm\">In the education sector, with the closure of schools and the deep gaps in the access to the online learning, the UNDP estimated that 86% of primary school-aged children are out of school in countries with a low human development, compared with 20% in countries with a very high human development. However, with more equitable access to the Internet the inequalities existing in the field of education may decrease.<\/p>\n\n\n\n<p id=\"viewer-862s7\">The adoption of interventions determined and focused on equity can promote the reaction of economies and societies to achieve mitigate the profound effects of the pandemic of COVID-19.<\/p>\n\n\n\n<p id=\"viewer-5v1tk\">The importance of fairness is reflected in the Framework of the United Nations response to socio-economic immediately before the crisis of COVID-19, which establishes criteria of reference of basic to good governance, ecological, and gender equality. Recommend five steps to deal with the complexity of the crisis:<\/p>\n\n\n\n<p id=\"viewer-bq918\">\u25cf proteger los sistemas y servicios sanitarios;<\/p>\n\n\n\n<p id=\"viewer-bjfco\">\u25cf mejorar la protecci\u00f3n social;<\/p>\n\n\n\n<p id=\"viewer-9c3tq\">\u25cf proteger los empleos, las peque\u00f1as y medianas empresas y los trabajadores del sector informal;<\/p>\n\n\n\n<p id=\"viewer-5p71j\">\u25cf pol\u00edticas macroecon\u00f3micas que beneficien a todos;<\/p>\n\n\n\n<p id=\"viewer-5e2jj\">\u25cf y promover la paz, la buena gobernanza y la confianza para reforzar la cohesi\u00f3n social.<\/p>\n\n\n\n<p id=\"viewer-3j6se\"><strong><u>The Argentine Sea; its challenges and disputes<\/u><\/strong><\/p>\n\n\n\n<p id=\"viewer-fvjh9\">Argentina has big challenges ahead of us related to the sea. One of them is to ensure the enactment of the national law, which set the outer limits of our continental shelf, which will allow to exercise our sovereign rights set forth therein.<\/p>\n\n\n\n<p id=\"viewer-vort\">In another order, the enactment of the Law 26.651 on the map bicontinental argentine, urges you to make a change on the way we see our country. Our territory is not limited to the classical figure territorial on the american continent, but that it extends over a vast maritime space, the islands of the South Atlantic, and is projected to and integrates with the Antarctic.<\/p>\n\n\n\n<p id=\"viewer-9297g\">Another, is the search for consensus to arrive at the solution more intelligent that involves the conservation of fishery resources and their rational exploitation in the area adjacent to the Exclusive Economic Zone of argentina.<\/p>\n\n\n\n<p id=\"viewer-90qds\">En el \u00e1mbito de la gesti\u00f3n del conocimiento, debemos seguir la creaci\u00f3n de nuevas \u00e1reas marinas protegidas, impulsando adem\u00e1s la investigaci\u00f3n cient\u00edfica marina propia, con el objetivo de conocer nuestras aguas, para conservarlas y protegerlas, asegurando la sustentabilidad de sus recursos y la consecuente resiliencia de los oc\u00e9anos. En esta l\u00ednea, la presencia de buques oce\u00e1nicos presenta un desaf\u00edo.<\/p>\n\n\n\n<p id=\"viewer-6d4qe\">The greater part of the foreign trade of our country circulates in the maritime and river routes. Despite this, our merchant marine is very low. Although it requires immense efforts to be able to possess a merchant marine flag that can take our products to the rest of the world.<\/p>\n\n\n\n<p id=\"viewer-4rvdh\">In the year 2017 was signed into Law 27.418 to establish a system of incentive and promotion of ship-building national, little progress has been made in the development associated to all the sector of the marine industry.<\/p>\n\n\n\n<p id=\"viewer-aps11\">Argentina should be imposed on the goal of returning to build their own ships, to stop a large extent dependent on foreign media. To develop and enhance our shipbuilding industry, not only enable us to meet the necessary requirements of a fleet of its own, but also recover progressively the public and private development of a strategic sector fundamental to contribute to increase the employability and to promote a sustained progress in industrial and domestic enterprise. None of these challenges will be resolved in the short term.<\/p>\n\n\n\n<p id=\"viewer-eqd72\"><strong><em>Relationship with the Eastern Republic of Uruguay<\/em><\/strong><\/p>\n\n\n\n<p id=\"viewer-ac5u5\">Argentina can&#039;t control the illegal fishing vessel chinese in the South Atlantic, and that favors their investment to take the natural resources, economic and labour of the country. Uruguay, for his part, facilitates the operations of these illegal vessels in their ports, and promotes, the investments of chinese in this country, understanding, that this Republic can offer to China to be the \u201cHUB\u201d (Regional Center) input of your products and services to the region and its approach to the Mercosur.<\/p>\n\n\n\n<p id=\"viewer-bp345\">The fish chinese come for our resources, which must be protected and preserved, a regional cooperation would facilitate the effort.<\/p>\n\n\n\n<p id=\"viewer-6kpfc\">You should be able to work with concerted policies of common interest, in order to face the great challenges of international trade and to achieve the well-being of their peoples and to achieve the intelligent defence of the region, in contrast to the sustained progress of the great global powers that have transformed the military invasion in colonization, economic and financial.<\/p>\n\n\n\n<p id=\"viewer-2sr01\">Neither Argentina or Uruguay can provide you with the \u201cHUB\u201d to China; not to be, that they are resigned to become mere colonies for the extraction of their resources without value-added, rather than industrial countries of products of excellence, technology transfer, and knowledge, in environments sustainable and safe.<\/p>\n\n\n\n<p id=\"viewer-3pf9a\">The imbalances of the region have to do with the lack of agreement between the two countries on the use of the common waters; the use of the ports and the design of the navigation channels; the trade common maritime and inland; the utilisation of the fishery resources in the Area Common to both countries agreed in 1973; the export of products of certified quality river plate; the exchange of goods and services; the combat of illegal chinese, Spanish, Korean, taiwanese and british in the South Atlantic, in Malvinas, Georgias del Sur and Sandwich del Sur.<\/p>\n\n\n\n<p id=\"viewer-4kdno\">Challenges to promote future cooperation with Uruguay, and the care of the fisheries and the Common Area:<\/p>\n\n\n\n<p id=\"viewer-13qec\">\u25cf Consolidar una uni\u00f3n indisoluble de vecinos con una historia y cultura com\u00fan<\/p>\n\n\n\n<p id=\"viewer-4aodq\">\u25cf Actuar en forma sin\u00e9rgica en las cuestiones econ\u00f3micas y geopol\u00edticas, de cara al mundo, de ocupaci\u00f3n del Atl\u00e1ntico Sudoccidental, de tr\u00e1nsito al Pac\u00edfico y v\u00ednculo ant\u00e1rtico<\/p>\n\n\n\n<p id=\"viewer-4b4s4\">\u25cf Combatir la pesca ilegal en sus mares. \u202f\u202f\u202f<\/p>\n\n\n\n<p id=\"viewer-jk18\">\u25cf Cuidar las ZEE, en su explotaci\u00f3n, el transporte, la tecnolog\u00eda, el desarrollo portuario y general;<\/p>\n\n\n\n<p id=\"viewer-co4s5\">\u25cf Evitar las pr\u00e1cticas ilegales realizadas por los chinos; explotaci\u00f3n irracional y sin control; la depredaci\u00f3n; el descarte de especies; la captura de juveniles.<\/p>\n\n\n\n<p id=\"viewer-cs9um\">\u25cf Protecci\u00f3n del ecosistema de ambos pa\u00edses en cuesti\u00f3n.<\/p>\n\n\n\n<p id=\"viewer-ceolh\"><strong><em>Dispute with China by illegal fishing<\/em><\/strong><\/p>\n\n\n\n<p id=\"viewer-6d9oc\">Chinese finance in Argentina:<\/p>\n\n\n\n<p id=\"viewer-4uddb\">\u25cf la base espacial de Neuqu\u00e9n manejada por el Ej\u00e9rcito Popular de China;<\/p>\n\n\n\n<p id=\"viewer-bu08p\">\u25cf la construcci\u00f3n de un observatorio lunar en San Juan,<\/p>\n\n\n\n<p id=\"viewer-eua7k\">\u25cf el desarrollo de un polo log\u00edstico en Tierra del Fuego<\/p>\n\n\n\n<p id=\"viewer-ohi0\">\u25cf las eventuales obras de dragado en la Hidrov\u00eda de 1.300 kil\u00f3metros que transportan el 80% de las exportaciones de granos de la Argentina.<\/p>\n\n\n\n<p id=\"viewer-9pvvq\">Chinese interests in Argentina, which include the exploitation of mines of gold, iron, copper, and lithium; wind farms and solar, gas pipelines, power lines and fiber-optic; railways, oil and gas and nuclear energy. Is ready to be signed, an agreement for the establishment of farms producing pigs.<\/p>\n\n\n\n<p id=\"viewer-852vo\">In terms of infrastructure, Argentina was the priority destination for chinese investments in South america and the Caribbean over the past fifteen years. In addition, we are currently considering the possibility that chinese companies engaging in the dredging of the so-called \u201cWaterway\u201d, natural corridor of river transport along the Paraguay and Paran\u00e1 rivers that serves the southern cone of the continent, which could turn out to be its most significant presence in those latitudes.<\/p>\n\n\n\n<p id=\"viewer-aku9n\">In relation to trade, more than half of argentine exports correspond to soy. In regard to imports from China, they are mainly electronic products, mechanical and chemicals. Obviously, Argentina represents a tiny part of his trade to China.<\/p>\n\n\n\n<p id=\"viewer-7hkga\">The Waterway, and lithium<\/p>\n\n\n\n<p id=\"viewer-cltau\">In the first case, under the pretext of \u201cnational sovereignty\u201d, the national government is moving forward with a nationalization of part of the Paran\u00e1-Paraguay Waterway, looking for the General Administration of Ports is with the collection of tolls. In the meantime, was extended so precarious the concession current, expired in April. The chinese company Shanghai Dredging Company had serious intentions to participate in the new tender, but very difficult to do in these new conditions.<\/p>\n\n\n\n<p id=\"viewer-3ekih\">On the other hand, the Institute Homeland, pushing through your legislators a project of nationalization of the industry of lithium. This created alarm in the provinces of the NOA are the owners of this strategic mineral, but also in China, with several companies currently operating in the region and plans to continue to expand investments. Linked not only to the extraction of the mineral, but also to electro mobility.<\/p>\n\n\n\n<p id=\"viewer-9opok\">For Argentina, the lack of strategy and trends interventionist in economic policy are the main causes of currently be damaging even the relationships that supposedly wants to preserve and enhance, as is the case of China.<\/p>\n\n\n\n<p id=\"viewer-8oigm\">There are, however, some foci typical of litigation. The main, the one corresponding to the activity of the fish chinese in the Exclusive Economic Zone of argentina (EEZ).<\/p>\n\n\n\n<p id=\"viewer-bmii5\">Impact of climate change in the country<\/p>\n\n\n\n<p id=\"viewer-nld4\">In the last few decades, and in everyday life, one of the central axes of the public discussion, especially at the international level, was that of sustainability. The central idea of sustainable development is that current decisions should not affect the possibility of maintaining or improving the quality of life of future generations. The axis is placed on the health of ecosystems and the use of natural resources and, on the social level, there is a general consensus, it is necessary to generate public policies that promote sustainable development.<\/p>\n\n\n\n<p id=\"viewer-9u5dm\">The problem, and the challenge, is that this consensus is in contradiction with a reality that shows a progressive and sustained deterioration of the environment field.<\/p>\n\n\n\n<p id=\"viewer-14ksl\">The greatest challenges that we face;<\/p>\n\n\n\n<p id=\"viewer-bqub8\">\u25cf En primer lugar, a las consecuencias de actividades extractivas. Podemos incluir ejemplos relacionados con la explotaci\u00f3n minera, los monocultivos y la explotaci\u00f3n desmedida del suelo y la pesca a gran escala.<\/p>\n\n\n\n<p id=\"viewer-d87ri\">\u25cf En segundo lugar, se agrupan las problem\u00e1ticas derivadas de la actividad econ\u00f3mica t\u00edpicamente industrial y de la aglomeraci\u00f3n urbana.<\/p>\n\n\n\n<p id=\"viewer-99h4h\">\u25cf En tercer lugar, el cambio clim\u00e1tico, uno de los grandes desaf\u00edos globales de nuestro siglo.<\/p>\n\n\n\n<p id=\"viewer-aep97\">These three groups of threats require them to think in coordinated efforts and actions integral to the thinking time effective solutions, both from civil society and from the State.<\/p>","protected":false},"excerpt":{"rendered":"<p>En este trabajo se abordar\u00e1n tres problem\u00e1ticas; y sus posibles impactos en la d\u00e9cada que viene. \u25cf La pandemia y el desarrollo humano \u25cf El Mar Argentino \u25cb relaci\u00f3n con [&hellip;]<\/p>","protected":false},"author":3,"featured_media":2933,"comment_status":"closed","ping_status":"closed","sticky":false,"template":"","format":"standard","meta":{"footnotes":""},"categories":[41],"tags":[],"class_list":["post-2931","post","type-post","status-publish","format-standard","has-post-thumbnail","hentry","category-argentina-global"],"yoast_head":"<!-- This site is optimized with the Yoast SEO plugin v21.6 - https:\/\/yoast.com\/wordpress\/plugins\/seo\/ -->\n<title>PANDEMIA, MAR Y CAMBIO CLIM\u00c1TICO - Argentina Global<\/title>\n<meta name=\"description\" content=\"En este trabajo se abordar\u00e1n tres problem\u00e1ticas; y sus posibles impactos en la d\u00e9cada que viene.\" \/>\n<meta name=\"robots\" content=\"index, follow, max-snippet:-1, max-image-preview:large, max-video-preview:-1\" \/>\n<link rel=\"canonical\" href=\"https:\/\/argentinaglobal.org.ar\/eng\/pandemia-mar-y-cambio-climatico-2\/\" \/>\n<meta property=\"og:locale\" content=\"en_US\" \/>\n<meta property=\"og:type\" content=\"article\" \/>\n<meta property=\"og:title\" content=\"PANDEMIA, MAR Y CAMBIO CLIM\u00c1TICO - Argentina Global\" \/>\n<meta property=\"og:description\" content=\"En este trabajo se abordar\u00e1n tres problem\u00e1ticas; y sus posibles impactos en la d\u00e9cada que viene.\" \/>\n<meta property=\"og:url\" content=\"https:\/\/argentinaglobal.org.ar\/eng\/pandemia-mar-y-cambio-climatico-2\/\" \/>\n<meta property=\"og:site_name\" content=\"Argentina Global\" \/>\n<meta property=\"article:published_time\" content=\"2022-09-01T03:50:03+00:00\" \/>\n<meta property=\"article:modified_time\" content=\"2023-01-20T03:52:43+00:00\" \/>\n<meta property=\"og:image\" content=\"https:\/\/argentinaglobal.org.ar\/wp-content\/uploads\/2023\/01\/6ae86c_b64d18790d374ae693a4a74738ad1acb_mv2-1.webp\" \/>\n\t<meta property=\"og:image:width\" content=\"740\" \/>\n\t<meta property=\"og:image:height\" content=\"370\" \/>\n\t<meta property=\"og:image:type\" content=\"image\/webp\" \/>\n<meta name=\"author\" content=\"dante\" \/>\n<meta name=\"twitter:card\" content=\"summary_large_image\" \/>\n<meta name=\"twitter:label1\" content=\"Written by\" \/>\n\t<meta name=\"twitter:data1\" content=\"dante\" \/>\n\t<meta name=\"twitter:label2\" content=\"Est. reading time\" \/>\n\t<meta name=\"twitter:data2\" content=\"10 minutes\" \/>\n<script type=\"application\/ld+json\" class=\"yoast-schema-graph\">{\"@context\":\"https:\/\/schema.org\",\"@graph\":[{\"@type\":\"WebPage\",\"@id\":\"https:\/\/argentinaglobal.org.ar\/pandemia-mar-y-cambio-climatico-2\/\",\"url\":\"https:\/\/argentinaglobal.org.ar\/pandemia-mar-y-cambio-climatico-2\/\",\"name\":\"PANDEMIA, MAR Y CAMBIO CLIM\u00c1TICO - Argentina Global\",\"isPartOf\":{\"@id\":\"https:\/\/argentinaglobal.org.ar\/#website\"},\"datePublished\":\"2022-09-01T03:50:03+00:00\",\"dateModified\":\"2023-01-20T03:52:43+00:00\",\"author\":{\"@id\":\"https:\/\/argentinaglobal.org.ar\/#\/schema\/person\/0d43c58a3966908a961d439afd8e378b\"},\"description\":\"En este trabajo se abordar\u00e1n tres problem\u00e1ticas; y sus posibles impactos en la d\u00e9cada que viene.\",\"breadcrumb\":{\"@id\":\"https:\/\/argentinaglobal.org.ar\/pandemia-mar-y-cambio-climatico-2\/#breadcrumb\"},\"inLanguage\":\"en-US\",\"potentialAction\":[{\"@type\":\"ReadAction\",\"target\":[\"https:\/\/argentinaglobal.org.ar\/pandemia-mar-y-cambio-climatico-2\/\"]}]},{\"@type\":\"BreadcrumbList\",\"@id\":\"https:\/\/argentinaglobal.org.ar\/pandemia-mar-y-cambio-climatico-2\/#breadcrumb\",\"itemListElement\":[{\"@type\":\"ListItem\",\"position\":1,\"name\":\"Inicio\",\"item\":\"https:\/\/argentinaglobal.org.ar\/\"},{\"@type\":\"ListItem\",\"position\":2,\"name\":\"PANDEMIA, MAR Y CAMBIO CLIM\u00c1TICO\"}]},{\"@type\":\"WebSite\",\"@id\":\"https:\/\/argentinaglobal.org.ar\/#website\",\"url\":\"https:\/\/argentinaglobal.org.ar\/\",\"name\":\"Argentina Global\",\"description\":\"\",\"potentialAction\":[{\"@type\":\"SearchAction\",\"target\":{\"@type\":\"EntryPoint\",\"urlTemplate\":\"https:\/\/argentinaglobal.org.ar\/?s={search_term_string}\"},\"query-input\":\"required name=search_term_string\"}],\"inLanguage\":\"en-US\"},{\"@type\":\"Person\",\"@id\":\"https:\/\/argentinaglobal.org.ar\/#\/schema\/person\/0d43c58a3966908a961d439afd8e378b\",\"name\":\"dante\",\"image\":{\"@type\":\"ImageObject\",\"inLanguage\":\"en-US\",\"@id\":\"https:\/\/argentinaglobal.org.ar\/#\/schema\/person\/image\/\",\"url\":\"https:\/\/secure.gravatar.com\/avatar\/bd125801888c3f0ddc1ef50ce1b2af6c28827667548e57677e12d01246a200d0?s=96&d=mm&r=g\",\"contentUrl\":\"https:\/\/secure.gravatar.com\/avatar\/bd125801888c3f0ddc1ef50ce1b2af6c28827667548e57677e12d01246a200d0?s=96&d=mm&r=g\",\"caption\":\"dante\"},\"url\":\"https:\/\/argentinaglobal.org.ar\/eng\/author\/dante\/\"}]}<\/script>\n<!-- \/ Yoast SEO plugin. -->","yoast_head_json":{"title":"PANDEMIA, MAR Y CAMBIO CLIM\u00c1TICO - Argentina Global","description":"En este trabajo se abordar\u00e1n tres problem\u00e1ticas; y sus posibles impactos en la d\u00e9cada que viene.","robots":{"index":"index","follow":"follow","max-snippet":"max-snippet:-1","max-image-preview":"max-image-preview:large","max-video-preview":"max-video-preview:-1"},"canonical":"https:\/\/argentinaglobal.org.ar\/eng\/pandemia-mar-y-cambio-climatico-2\/","og_locale":"en_US","og_type":"article","og_title":"PANDEMIA, MAR Y CAMBIO CLIM\u00c1TICO - Argentina Global","og_description":"En este trabajo se abordar\u00e1n tres problem\u00e1ticas; y sus posibles impactos en la d\u00e9cada que viene.","og_url":"https:\/\/argentinaglobal.org.ar\/eng\/pandemia-mar-y-cambio-climatico-2\/","og_site_name":"Argentina Global","article_published_time":"2022-09-01T03:50:03+00:00","article_modified_time":"2023-01-20T03:52:43+00:00","og_image":[{"width":740,"height":370,"url":"https:\/\/argentinaglobal.org.ar\/wp-content\/uploads\/2023\/01\/6ae86c_b64d18790d374ae693a4a74738ad1acb_mv2-1.webp","type":"image\/webp"}],"author":"dante","twitter_card":"summary_large_image","twitter_misc":{"Written by":"dante","Est. reading time":"10 minutes"},"schema":{"@context":"https:\/\/schema.org","@graph":[{"@type":"WebPage","@id":"https:\/\/argentinaglobal.org.ar\/pandemia-mar-y-cambio-climatico-2\/","url":"https:\/\/argentinaglobal.org.ar\/pandemia-mar-y-cambio-climatico-2\/","name":"PANDEMIA, MAR Y CAMBIO CLIM\u00c1TICO - Argentina Global","isPartOf":{"@id":"https:\/\/argentinaglobal.org.ar\/#website"},"datePublished":"2022-09-01T03:50:03+00:00","dateModified":"2023-01-20T03:52:43+00:00","author":{"@id":"https:\/\/argentinaglobal.org.ar\/#\/schema\/person\/0d43c58a3966908a961d439afd8e378b"},"description":"En este trabajo se abordar\u00e1n tres problem\u00e1ticas; y sus posibles impactos en la d\u00e9cada que viene.","breadcrumb":{"@id":"https:\/\/argentinaglobal.org.ar\/pandemia-mar-y-cambio-climatico-2\/#breadcrumb"},"inLanguage":"en-US","potentialAction":[{"@type":"ReadAction","target":["https:\/\/argentinaglobal.org.ar\/pandemia-mar-y-cambio-climatico-2\/"]}]},{"@type":"BreadcrumbList","@id":"https:\/\/argentinaglobal.org.ar\/pandemia-mar-y-cambio-climatico-2\/#breadcrumb","itemListElement":[{"@type":"ListItem","position":1,"name":"Inicio","item":"https:\/\/argentinaglobal.org.ar\/"},{"@type":"ListItem","position":2,"name":"PANDEMIA, MAR Y CAMBIO CLIM\u00c1TICO"}]},{"@type":"WebSite","@id":"https:\/\/argentinaglobal.org.ar\/#website","url":"https:\/\/argentinaglobal.org.ar\/","name":"Argentina Global","description":"","potentialAction":[{"@type":"SearchAction","target":{"@type":"EntryPoint","urlTemplate":"https:\/\/argentinaglobal.org.ar\/?s={search_term_string}"},"query-input":"required name=search_term_string"}],"inLanguage":"en-US"},{"@type":"Person","@id":"https:\/\/argentinaglobal.org.ar\/#\/schema\/person\/0d43c58a3966908a961d439afd8e378b","name":"dante","image":{"@type":"ImageObject","inLanguage":"en-US","@id":"https:\/\/argentinaglobal.org.ar\/#\/schema\/person\/image\/","url":"https:\/\/secure.gravatar.com\/avatar\/bd125801888c3f0ddc1ef50ce1b2af6c28827667548e57677e12d01246a200d0?s=96&d=mm&r=g","contentUrl":"https:\/\/secure.gravatar.com\/avatar\/bd125801888c3f0ddc1ef50ce1b2af6c28827667548e57677e12d01246a200d0?s=96&d=mm&r=g","caption":"dante"},"url":"https:\/\/argentinaglobal.org.ar\/eng\/author\/dante\/"}]}},"rttpg_featured_image_url":{"full":["https:\/\/argentinaglobal.org.ar\/wp-content\/uploads\/2023\/01\/6ae86c_b64d18790d374ae693a4a74738ad1acb_mv2-1.webp",740,370,false],"landscape":["https:\/\/argentinaglobal.org.ar\/wp-content\/uploads\/2023\/01\/6ae86c_b64d18790d374ae693a4a74738ad1acb_mv2-1.webp",740,370,false],"portraits":["https:\/\/argentinaglobal.org.ar\/wp-content\/uploads\/2023\/01\/6ae86c_b64d18790d374ae693a4a74738ad1acb_mv2-1.webp",740,370,false],"thumbnail":["https:\/\/argentinaglobal.org.ar\/wp-content\/uploads\/2023\/01\/6ae86c_b64d18790d374ae693a4a74738ad1acb_mv2-1.webp",150,75,false],"medium":["https:\/\/argentinaglobal.org.ar\/wp-content\/uploads\/2023\/01\/6ae86c_b64d18790d374ae693a4a74738ad1acb_mv2-1.webp",300,150,false],"large":["https:\/\/argentinaglobal.org.ar\/wp-content\/uploads\/2023\/01\/6ae86c_b64d18790d374ae693a4a74738ad1acb_mv2-1.webp",740,370,false],"recent-work-widget":["https:\/\/argentinaglobal.org.ar\/wp-content\/uploads\/2023\/01\/6ae86c_b64d18790d374ae693a4a74738ad1acb_mv2-1.webp",125,63,false],"1536x1536":["https:\/\/argentinaglobal.org.ar\/wp-content\/uploads\/2023\/01\/6ae86c_b64d18790d374ae693a4a74738ad1acb_mv2-1.webp",740,370,false],"2048x2048":["https:\/\/argentinaglobal.org.ar\/wp-content\/uploads\/2023\/01\/6ae86c_b64d18790d374ae693a4a74738ad1acb_mv2-1.webp",740,370,false],"trp-custom-language-flag":["https:\/\/argentinaglobal.org.ar\/wp-content\/uploads\/2023\/01\/6ae86c_b64d18790d374ae693a4a74738ad1acb_mv2-1.webp",18,9,false],"portfolio-2":["https:\/\/argentinaglobal.org.ar\/wp-content\/uploads\/2023\/01\/6ae86c_b64d18790d374ae693a4a74738ad1acb_mv2-1.webp",540,270,false],"portfolio-3":["https:\/\/argentinaglobal.org.ar\/wp-content\/uploads\/2023\/01\/6ae86c_b64d18790d374ae693a4a74738ad1acb_mv2-1.webp",401,201,false],"portfolio-4":["https:\/\/argentinaglobal.org.ar\/wp-content\/uploads\/2023\/01\/6ae86c_b64d18790d374ae693a4a74738ad1acb_mv2-1.webp",401,201,false],"blog-post":["https:\/\/argentinaglobal.org.ar\/wp-content\/uploads\/2023\/01\/6ae86c_b64d18790d374ae693a4a74738ad1acb_mv2-1.webp",740,370,false],"blog-gallery":["https:\/\/argentinaglobal.org.ar\/wp-content\/uploads\/2023\/01\/6ae86c_b64d18790d374ae693a4a74738ad1acb_mv2-1.webp",740,370,false],"blog-grid-post":["https:\/\/argentinaglobal.org.ar\/wp-content\/uploads\/2023\/01\/6ae86c_b64d18790d374ae693a4a74738ad1acb_mv2-1.webp",540,270,false],"blog-fullwidth-post":["https:\/\/argentinaglobal.org.ar\/wp-content\/uploads\/2023\/01\/6ae86c_b64d18790d374ae693a4a74738ad1acb_mv2-1.webp",740,370,false],"recent-post":["https:\/\/argentinaglobal.org.ar\/wp-content\/uploads\/2023\/01\/6ae86c_b64d18790d374ae693a4a74738ad1acb_mv2-1.webp",514,257,false],"recent-post-tiny":["https:\/\/argentinaglobal.org.ar\/wp-content\/uploads\/2023\/01\/6ae86c_b64d18790d374ae693a4a74738ad1acb_mv2-1.webp",75,38,false],"testimonial":["https:\/\/argentinaglobal.org.ar\/wp-content\/uploads\/2023\/01\/6ae86c_b64d18790d374ae693a4a74738ad1acb_mv2-1.webp",48,24,false],"logos":["https:\/\/argentinaglobal.org.ar\/wp-content\/uploads\/2023\/01\/6ae86c_b64d18790d374ae693a4a74738ad1acb_mv2-1.webp",152,76,false]},"rttpg_author":{"display_name":"dante","author_link":"https:\/\/argentinaglobal.org.ar\/eng\/author\/dante\/"},"rttpg_comment":0,"rttpg_category":"<a href=\"https:\/\/argentinaglobal.org.ar\/eng\/category\/argentina-global\/\" rel=\"category tag\">Argentina Global<\/a>","rttpg_excerpt":"En este trabajo se abordar\u00e1n tres problem\u00e1ticas; y sus posibles impactos en la d\u00e9cada que viene. \u25cf La pandemia y el desarrollo humano \u25cf El Mar Argentino \u25cb relaci\u00f3n con [&hellip;]","_links":{"self":[{"href":"https:\/\/argentinaglobal.org.ar\/eng\/wp-json\/wp\/v2\/posts\/2931","targetHints":{"allow":["GET"]}}],"collection":[{"href":"https:\/\/argentinaglobal.org.ar\/eng\/wp-json\/wp\/v2\/posts"}],"about":[{"href":"https:\/\/argentinaglobal.org.ar\/eng\/wp-json\/wp\/v2\/types\/post"}],"author":[{"embeddable":true,"href":"https:\/\/argentinaglobal.org.ar\/eng\/wp-json\/wp\/v2\/users\/3"}],"replies":[{"embeddable":true,"href":"https:\/\/argentinaglobal.org.ar\/eng\/wp-json\/wp\/v2\/comments?post=2931"}],"version-history":[{"count":1,"href":"https:\/\/argentinaglobal.org.ar\/eng\/wp-json\/wp\/v2\/posts\/2931\/revisions"}],"predecessor-version":[{"id":2934,"href":"https:\/\/argentinaglobal.org.ar\/eng\/wp-json\/wp\/v2\/posts\/2931\/revisions\/2934"}],"wp:featuredmedia":[{"embeddable":true,"href":"https:\/\/argentinaglobal.org.ar\/eng\/wp-json\/wp\/v2\/media\/2933"}],"wp:attachment":[{"href":"https:\/\/argentinaglobal.org.ar\/eng\/wp-json\/wp\/v2\/media?parent=2931"}],"wp:term":[{"taxonomy":"category","embeddable":true,"href":"https:\/\/argentinaglobal.org.ar\/eng\/wp-json\/wp\/v2\/categories?post=2931"},{"taxonomy":"post_tag","embeddable":true,"href":"https:\/\/argentinaglobal.org.ar\/eng\/wp-json\/wp\/v2\/tags?post=2931"}],"curies":[{"name":"wp","href":"https:\/\/api.w.org\/{rel}","templated":true}]}}