
{"id":2922,"date":"2022-11-01T22:45:16","date_gmt":"2022-11-02T01:45:16","guid":{"rendered":"http:\/\/argentinaglobal.org.ar\/?p=2922"},"modified":"2023-01-19T22:47:19","modified_gmt":"2023-01-20T01:47:19","slug":"el-sector-agricola-y-el-sector-energetico-reflexionan-sobre-el-cambio-climatico","status":"publish","type":"post","link":"https:\/\/argentinaglobal.org.ar\/eng\/el-sector-agricola-y-el-sector-energetico-reflexionan-sobre-el-cambio-climatico\/","title":{"rendered":"THE AGRICULTURAL SECTOR AND THE ENERGY SECTOR TO REFLECT ON CLIMATE CHANGE"},"content":{"rendered":"<figure class=\"wp-block-image size-large is-resized\"><img fetchpriority=\"high\" decoding=\"async\" src=\"http:\/\/argentinaglobal.org.ar\/wp-content\/uploads\/2023\/01\/DESTACADO-1-1024x683.jpg\" alt=\"\" class=\"wp-image-2923\" width=\"512\" height=\"342\"\/><\/figure>\n\n\n\n<p><\/p>\n\n\n\n<p><em>20 de octubre de 2022<\/em><\/p>\n\n\n\n<p>El cambio clim\u00e1tico estuvo en el centro del debate en la Cumbre de Alcaldes del C40 que se organiz\u00f3 en la Ciudad de Buenos Aires la \u00faltima semana. Vimos c\u00f3mo los alcaldes se movilizaron en colectivos el\u00e9ctricos y realizaron diferentes actividades en bicicletas, promoviendo las energ\u00edas limpias y mostrando las acciones que el transporte urbano realiza para contrarrestar los gases de efecto invernadero que el mismo sector emite.\u00ad<\/p>\n\n\n\n<p>Pero as\u00ed como el transporte invierte en energ\u00edas verdes para ser m\u00e1s sustentable en la Ciudad, a nivel nacional hay dos sectores que representan el 90 por ciento de las emisiones de di\u00f3xido de carbono: el sector agr\u00edcola y el sector energ\u00e9tico. Sentar en una mesa a estos dos gigantes para dialogar acerca de las estrategias de largo plazo hacia la carbono neutralidad, fue uno de los logros de esta \u00faltima cumbre de alcaldes.\u00ad<\/p>\n\n\n\n<p>Organizado por la Fundaci\u00f3n Argentina Global, y con la presencia de alcaldes y representantes del sector p\u00fablico, privado, acad\u00e9micos y ex embajadores se llev\u00f3 a cabo el pasado 20 de octubre de 2022 un evento que busc\u00f3 poner en la agenda nacional un debate que nos debemos como pa\u00eds agr\u00edcola e industrial.\u00ad<\/p>\n\n\n\n<p>El evento lo encabez\u00f3 Fulvio Pompeo, presidente de la Fundaci\u00f3n Argentina Global: &#8220;Como estamos haciendo con otros temas estrat\u00e9gicos, como la seguridad nacional y la integraci\u00f3n con el mundo, nuestro objetivo es claro: buscamos que este living de trabajo con referentes de la sociedad civil, organizaciones internacionales, sector privado y acad\u00e9mico, sea otro aporte a la cultura estrat\u00e9gica que necesita la Argentina&#8221;, dijo.\u00ad<\/p>\n\n\n\n<p><strong>CONCLUSIONES\u00ad<\/strong><\/p>\n\n\n\n<p>La actividad se centr\u00f3 en dos livings de trabajo moderados por Carlos Gentile, responsable de desarrollo sostenible y cambio clim\u00e1tico de la Fundaci\u00f3n.\u00ad<\/p>\n\n\n\n<p>El primer living gir\u00f3 en torno a los desaf\u00edos del sector agr\u00edcola. Cristian Feldkamp, Director Ejecutivo de CREA, y Marcos Pereda, Vicepresidente de la Sociedad Rural Argentina, dejaron en claro que la falta de liderazgo es uno de los problemas que enfrenta el sector, junto con la escasa oferta de financiaci\u00f3n para realizar inversiones y la necesidad de contar con leyes que den un marco de protecci\u00f3n al agro. Para Feldkamp &#8220;necesitamos liderazgo y una gran cantidad de recursos para invertir en ciencia que brinde las soluciones para llegar a la carbono neutralidad&#8221;, mientras que Pereda sostuvo como idea principal que la Argentina tiene un gran potencial forestal, clave para capturar carbono y avanzar en la neutralidad.\u00ad<\/p>\n\n\n\n<p>En cuanto al sector energ\u00e9tico -eje del segundo living-, para Mar\u00eda Chiquilani, responsable de Asuntos Regulatorios, Estrategia y Planificaci\u00f3n de Enel, la transici\u00f3n energ\u00e9tica en Argentina es &#8220;una oportunidad para el desarrollo sostenible, donde la electrificaci\u00f3n del transporte y una mayor regulaci\u00f3n que promueva la movilidad sustentable ser\u00e1n claves&#8221;.\u00ad<\/p>\n\n\n\n<p>Por su parte Mart\u00edn Aguirre, de Vista Oil &amp; Gas, plante\u00f3 que el sector energ\u00e9tico tiene que ser muy estricto con la verificaci\u00f3n de emisiones y captura de carbono, ya que eso es lo que le va a permitir certificar internacionalmente. La exposici\u00f3n de Luciano Caratori, investigador de la Universidad Torcuato Di Tella, tuvo como eje la competitividad clim\u00e1tica, que seg\u00fan su opini\u00f3n, ser\u00e1 determinante para el \u00e9xito comercial de la Argentina en los pr\u00f3ximos a\u00f1os (algo en lo que tambi\u00e9n coincidi\u00f3 el living).\u00ad<\/p>\n\n\n\n<p>Para Argentina Global era clave poder contar con la voz y perspectiva de un alcalde de proyecci\u00f3n internacional. Ese rol en el side event de la Fundaci\u00f3n lo tuvo el Alcalde de Miami, Francis Su\u00e1rez, quien reflexion\u00f3 acerca de c\u00f3mo su ciudad sufre huracanes y las inversiones que eso conlleva: &#8220;Miami es una ciudad que est\u00e1 en el epicentro de eventos clim\u00e1ticos sin precedentes, lo que pone en contexto los esfuerzos que hay que hacer para enfrentar y mitigar los efectos del cambio clim\u00e1tico&#8221;.\u00ad<\/p>\n\n\n\n<p>A modo de balance, Mar\u00eda Fernanda Garza, Presidenta Global de la C\u00e1mara de Comercio Internacional, esboz\u00f3 un punto de encuentro entre el progreso y el desarrollo sostenible. Para Garza es necesario entender que acci\u00f3n clim\u00e1tica y seguridad energ\u00e9tica van de la mano, no son fuerzas opuestas. &#8220;El comercio puede contribuir a la innovaci\u00f3n y la reducci\u00f3n de emisiones de carbono&#8221;, sostuvo como conclusi\u00f3n.\u00ad<\/p>\n\n\n\n<p>En sus palabras de clausura, Pompeo resalt\u00f3 que su Fundaci\u00f3n ofrece &#8220;un espacio de di\u00e1logo con dos sectores productivos fundamentales para el desarrollo sostenible de nuestro pa\u00eds: el agropecuario y el energ\u00e9tico. Ambos son indispensables en la discusi\u00f3n sobre una estrategia carbono-neutral a largo plazo&#8221;.\u00ad<\/p>\n\n\n\n<p><em>*Este art\u00edculo fue publicado por La Prensa el d\u00eda 23 de octubre de 2022.<\/em><\/p>","protected":false},"excerpt":{"rendered":"<p>20 de octubre de 2022 El cambio clim\u00e1tico estuvo en el centro del debate en la Cumbre de Alcaldes del C40 que se organiz\u00f3 en la Ciudad de Buenos Aires [&hellip;]<\/p>","protected":false},"author":3,"featured_media":2924,"comment_status":"closed","ping_status":"closed","sticky":false,"template":"","format":"standard","meta":{"footnotes":""},"categories":[43],"tags":[],"class_list":["post-2922","post","type-post","status-publish","format-standard","has-post-thumbnail","hentry","category-destacados"],"yoast_head":"<!-- This site is optimized with the Yoast SEO plugin v21.6 - https:\/\/yoast.com\/wordpress\/plugins\/seo\/ -->\n<title>EL SECTOR AGR\u00cdCOLA Y EL SECTOR ENERG\u00c9TICO REFLEXIONAN SOBRE EL CAMBIO CLIM\u00c1TICO - Argentina Global<\/title>\n<meta name=\"description\" content=\"El cambio clim\u00e1tico estuvo en el centro del debate en la Cumbre de Alcaldes del C40 que se organiz\u00f3 en la Ciudad de Buenos Aires la \u00faltima semana\" \/>\n<meta name=\"robots\" content=\"index, follow, max-snippet:-1, max-image-preview:large, max-video-preview:-1\" \/>\n<link rel=\"canonical\" href=\"https:\/\/argentinaglobal.org.ar\/eng\/el-sector-agricola-y-el-sector-energetico-reflexionan-sobre-el-cambio-climatico\/\" \/>\n<meta property=\"og:locale\" content=\"en_US\" \/>\n<meta property=\"og:type\" content=\"article\" \/>\n<meta property=\"og:title\" content=\"EL SECTOR AGR\u00cdCOLA Y EL SECTOR ENERG\u00c9TICO REFLEXIONAN SOBRE EL CAMBIO CLIM\u00c1TICO - Argentina Global\" \/>\n<meta property=\"og:description\" content=\"El cambio clim\u00e1tico estuvo en el centro del debate en la Cumbre de Alcaldes del C40 que se organiz\u00f3 en la Ciudad de Buenos Aires la \u00faltima semana\" \/>\n<meta property=\"og:url\" content=\"https:\/\/argentinaglobal.org.ar\/eng\/el-sector-agricola-y-el-sector-energetico-reflexionan-sobre-el-cambio-climatico\/\" \/>\n<meta property=\"og:site_name\" content=\"Argentina Global\" \/>\n<meta property=\"article:published_time\" content=\"2022-11-02T01:45:16+00:00\" \/>\n<meta property=\"article:modified_time\" content=\"2023-01-20T01:47:19+00:00\" \/>\n<meta property=\"og:image\" content=\"https:\/\/argentinaglobal.org.ar\/wp-content\/uploads\/2023\/01\/DESTACADO-1-1.jpg\" \/>\n\t<meta property=\"og:image:width\" content=\"1920\" \/>\n\t<meta property=\"og:image:height\" content=\"1280\" \/>\n\t<meta property=\"og:image:type\" content=\"image\/jpeg\" \/>\n<meta name=\"author\" content=\"dante\" \/>\n<meta name=\"twitter:card\" content=\"summary_large_image\" \/>\n<meta name=\"twitter:label1\" content=\"Written by\" \/>\n\t<meta name=\"twitter:data1\" content=\"dante\" \/>\n\t<meta name=\"twitter:label2\" content=\"Est. reading time\" \/>\n\t<meta name=\"twitter:data2\" content=\"4 minutes\" \/>\n<script type=\"application\/ld+json\" class=\"yoast-schema-graph\">{\"@context\":\"https:\/\/schema.org\",\"@graph\":[{\"@type\":\"WebPage\",\"@id\":\"https:\/\/argentinaglobal.org.ar\/el-sector-agricola-y-el-sector-energetico-reflexionan-sobre-el-cambio-climatico\/\",\"url\":\"https:\/\/argentinaglobal.org.ar\/el-sector-agricola-y-el-sector-energetico-reflexionan-sobre-el-cambio-climatico\/\",\"name\":\"EL SECTOR AGR\u00cdCOLA Y EL SECTOR ENERG\u00c9TICO REFLEXIONAN SOBRE EL CAMBIO CLIM\u00c1TICO - Argentina Global\",\"isPartOf\":{\"@id\":\"https:\/\/argentinaglobal.org.ar\/#website\"},\"datePublished\":\"2022-11-02T01:45:16+00:00\",\"dateModified\":\"2023-01-20T01:47:19+00:00\",\"author\":{\"@id\":\"https:\/\/argentinaglobal.org.ar\/#\/schema\/person\/0d43c58a3966908a961d439afd8e378b\"},\"description\":\"El cambio clim\u00e1tico estuvo en el centro del debate en la Cumbre de Alcaldes del C40 que se organiz\u00f3 en la Ciudad de Buenos Aires la \u00faltima semana\",\"breadcrumb\":{\"@id\":\"https:\/\/argentinaglobal.org.ar\/el-sector-agricola-y-el-sector-energetico-reflexionan-sobre-el-cambio-climatico\/#breadcrumb\"},\"inLanguage\":\"en-US\",\"potentialAction\":[{\"@type\":\"ReadAction\",\"target\":[\"https:\/\/argentinaglobal.org.ar\/el-sector-agricola-y-el-sector-energetico-reflexionan-sobre-el-cambio-climatico\/\"]}]},{\"@type\":\"BreadcrumbList\",\"@id\":\"https:\/\/argentinaglobal.org.ar\/el-sector-agricola-y-el-sector-energetico-reflexionan-sobre-el-cambio-climatico\/#breadcrumb\",\"itemListElement\":[{\"@type\":\"ListItem\",\"position\":1,\"name\":\"Inicio\",\"item\":\"https:\/\/argentinaglobal.org.ar\/\"},{\"@type\":\"ListItem\",\"position\":2,\"name\":\"EL SECTOR AGR\u00cdCOLA Y EL SECTOR ENERG\u00c9TICO REFLEXIONAN SOBRE EL CAMBIO CLIM\u00c1TICO\"}]},{\"@type\":\"WebSite\",\"@id\":\"https:\/\/argentinaglobal.org.ar\/#website\",\"url\":\"https:\/\/argentinaglobal.org.ar\/\",\"name\":\"Argentina Global\",\"description\":\"\",\"potentialAction\":[{\"@type\":\"SearchAction\",\"target\":{\"@type\":\"EntryPoint\",\"urlTemplate\":\"https:\/\/argentinaglobal.org.ar\/?s={search_term_string}\"},\"query-input\":\"required name=search_term_string\"}],\"inLanguage\":\"en-US\"},{\"@type\":\"Person\",\"@id\":\"https:\/\/argentinaglobal.org.ar\/#\/schema\/person\/0d43c58a3966908a961d439afd8e378b\",\"name\":\"dante\",\"image\":{\"@type\":\"ImageObject\",\"inLanguage\":\"en-US\",\"@id\":\"https:\/\/argentinaglobal.org.ar\/#\/schema\/person\/image\/\",\"url\":\"https:\/\/secure.gravatar.com\/avatar\/bd125801888c3f0ddc1ef50ce1b2af6c28827667548e57677e12d01246a200d0?s=96&d=mm&r=g\",\"contentUrl\":\"https:\/\/secure.gravatar.com\/avatar\/bd125801888c3f0ddc1ef50ce1b2af6c28827667548e57677e12d01246a200d0?s=96&d=mm&r=g\",\"caption\":\"dante\"},\"url\":\"https:\/\/argentinaglobal.org.ar\/eng\/author\/dante\/\"}]}<\/script>\n<!-- \/ Yoast SEO plugin. -->","yoast_head_json":{"title":"EL SECTOR AGR\u00cdCOLA Y EL SECTOR ENERG\u00c9TICO REFLEXIONAN SOBRE EL CAMBIO CLIM\u00c1TICO - Argentina Global","description":"El cambio clim\u00e1tico estuvo en el centro del debate en la Cumbre de Alcaldes del C40 que se organiz\u00f3 en la Ciudad de Buenos Aires la \u00faltima semana","robots":{"index":"index","follow":"follow","max-snippet":"max-snippet:-1","max-image-preview":"max-image-preview:large","max-video-preview":"max-video-preview:-1"},"canonical":"https:\/\/argentinaglobal.org.ar\/eng\/el-sector-agricola-y-el-sector-energetico-reflexionan-sobre-el-cambio-climatico\/","og_locale":"en_US","og_type":"article","og_title":"EL SECTOR AGR\u00cdCOLA Y EL SECTOR ENERG\u00c9TICO REFLEXIONAN SOBRE EL CAMBIO CLIM\u00c1TICO - Argentina Global","og_description":"El cambio clim\u00e1tico estuvo en el centro del debate en la Cumbre de Alcaldes del C40 que se organiz\u00f3 en la Ciudad de Buenos Aires la \u00faltima semana","og_url":"https:\/\/argentinaglobal.org.ar\/eng\/el-sector-agricola-y-el-sector-energetico-reflexionan-sobre-el-cambio-climatico\/","og_site_name":"Argentina Global","article_published_time":"2022-11-02T01:45:16+00:00","article_modified_time":"2023-01-20T01:47:19+00:00","og_image":[{"width":1920,"height":1280,"url":"https:\/\/argentinaglobal.org.ar\/wp-content\/uploads\/2023\/01\/DESTACADO-1-1.jpg","type":"image\/jpeg"}],"author":"dante","twitter_card":"summary_large_image","twitter_misc":{"Written by":"dante","Est. reading time":"4 minutes"},"schema":{"@context":"https:\/\/schema.org","@graph":[{"@type":"WebPage","@id":"https:\/\/argentinaglobal.org.ar\/el-sector-agricola-y-el-sector-energetico-reflexionan-sobre-el-cambio-climatico\/","url":"https:\/\/argentinaglobal.org.ar\/el-sector-agricola-y-el-sector-energetico-reflexionan-sobre-el-cambio-climatico\/","name":"EL SECTOR AGR\u00cdCOLA Y EL SECTOR ENERG\u00c9TICO REFLEXIONAN SOBRE EL CAMBIO CLIM\u00c1TICO - Argentina Global","isPartOf":{"@id":"https:\/\/argentinaglobal.org.ar\/#website"},"datePublished":"2022-11-02T01:45:16+00:00","dateModified":"2023-01-20T01:47:19+00:00","author":{"@id":"https:\/\/argentinaglobal.org.ar\/#\/schema\/person\/0d43c58a3966908a961d439afd8e378b"},"description":"El cambio clim\u00e1tico estuvo en el centro del debate en la Cumbre de Alcaldes del C40 que se organiz\u00f3 en la Ciudad de Buenos Aires la \u00faltima semana","breadcrumb":{"@id":"https:\/\/argentinaglobal.org.ar\/el-sector-agricola-y-el-sector-energetico-reflexionan-sobre-el-cambio-climatico\/#breadcrumb"},"inLanguage":"en-US","potentialAction":[{"@type":"ReadAction","target":["https:\/\/argentinaglobal.org.ar\/el-sector-agricola-y-el-sector-energetico-reflexionan-sobre-el-cambio-climatico\/"]}]},{"@type":"BreadcrumbList","@id":"https:\/\/argentinaglobal.org.ar\/el-sector-agricola-y-el-sector-energetico-reflexionan-sobre-el-cambio-climatico\/#breadcrumb","itemListElement":[{"@type":"ListItem","position":1,"name":"Inicio","item":"https:\/\/argentinaglobal.org.ar\/"},{"@type":"ListItem","position":2,"name":"EL SECTOR AGR\u00cdCOLA Y EL SECTOR ENERG\u00c9TICO REFLEXIONAN SOBRE EL CAMBIO CLIM\u00c1TICO"}]},{"@type":"WebSite","@id":"https:\/\/argentinaglobal.org.ar\/#website","url":"https:\/\/argentinaglobal.org.ar\/","name":"Argentina Global","description":"","potentialAction":[{"@type":"SearchAction","target":{"@type":"EntryPoint","urlTemplate":"https:\/\/argentinaglobal.org.ar\/?s={search_term_string}"},"query-input":"required name=search_term_string"}],"inLanguage":"en-US"},{"@type":"Person","@id":"https:\/\/argentinaglobal.org.ar\/#\/schema\/person\/0d43c58a3966908a961d439afd8e378b","name":"dante","image":{"@type":"ImageObject","inLanguage":"en-US","@id":"https:\/\/argentinaglobal.org.ar\/#\/schema\/person\/image\/","url":"https:\/\/secure.gravatar.com\/avatar\/bd125801888c3f0ddc1ef50ce1b2af6c28827667548e57677e12d01246a200d0?s=96&d=mm&r=g","contentUrl":"https:\/\/secure.gravatar.com\/avatar\/bd125801888c3f0ddc1ef50ce1b2af6c28827667548e57677e12d01246a200d0?s=96&d=mm&r=g","caption":"dante"},"url":"https:\/\/argentinaglobal.org.ar\/eng\/author\/dante\/"}]}},"rttpg_featured_image_url":{"full":["https:\/\/argentinaglobal.org.ar\/wp-content\/uploads\/2023\/01\/DESTACADO-1-1.jpg",1920,1280,false],"landscape":["https:\/\/argentinaglobal.org.ar\/wp-content\/uploads\/2023\/01\/DESTACADO-1-1.jpg",1920,1280,false],"portraits":["https:\/\/argentinaglobal.org.ar\/wp-content\/uploads\/2023\/01\/DESTACADO-1-1.jpg",1920,1280,false],"thumbnail":["https:\/\/argentinaglobal.org.ar\/wp-content\/uploads\/2023\/01\/DESTACADO-1-1-150x150.jpg",150,150,true],"medium":["https:\/\/argentinaglobal.org.ar\/wp-content\/uploads\/2023\/01\/DESTACADO-1-1-300x200.jpg",300,200,true],"large":["https:\/\/argentinaglobal.org.ar\/wp-content\/uploads\/2023\/01\/DESTACADO-1-1-1024x683.jpg",960,640,true],"recent-work-widget":["https:\/\/argentinaglobal.org.ar\/wp-content\/uploads\/2023\/01\/DESTACADO-1-1-125x125.jpg",125,125,true],"1536x1536":["https:\/\/argentinaglobal.org.ar\/wp-content\/uploads\/2023\/01\/DESTACADO-1-1-1536x1024.jpg",1536,1024,true],"2048x2048":["https:\/\/argentinaglobal.org.ar\/wp-content\/uploads\/2023\/01\/DESTACADO-1-1.jpg",1920,1280,false],"trp-custom-language-flag":["https:\/\/argentinaglobal.org.ar\/wp-content\/uploads\/2023\/01\/DESTACADO-1-1-18x12.jpg",18,12,true],"portfolio-2":["https:\/\/argentinaglobal.org.ar\/wp-content\/uploads\/2023\/01\/DESTACADO-1-1-540x310.jpg",540,310,true],"portfolio-3":["https:\/\/argentinaglobal.org.ar\/wp-content\/uploads\/2023\/01\/DESTACADO-1-1-401x250.jpg",401,250,true],"portfolio-4":["https:\/\/argentinaglobal.org.ar\/wp-content\/uploads\/2023\/01\/DESTACADO-1-1-401x250.jpg",401,250,true],"blog-post":["https:\/\/argentinaglobal.org.ar\/wp-content\/uploads\/2023\/01\/DESTACADO-1-1-800x400.jpg",800,400,true],"blog-gallery":["https:\/\/argentinaglobal.org.ar\/wp-content\/uploads\/2023\/01\/DESTACADO-1-1-800x400.jpg",800,400,true],"blog-grid-post":["https:\/\/argentinaglobal.org.ar\/wp-content\/uploads\/2023\/01\/DESTACADO-1-1-540x335.jpg",540,335,true],"blog-fullwidth-post":["https:\/\/argentinaglobal.org.ar\/wp-content\/uploads\/2023\/01\/DESTACADO-1-1-1100x500.jpg",1100,500,true],"recent-post":["https:\/\/argentinaglobal.org.ar\/wp-content\/uploads\/2023\/01\/DESTACADO-1-1-514x342.jpg",514,342,true],"recent-post-tiny":["https:\/\/argentinaglobal.org.ar\/wp-content\/uploads\/2023\/01\/DESTACADO-1-1-75x75.jpg",75,75,true],"testimonial":["https:\/\/argentinaglobal.org.ar\/wp-content\/uploads\/2023\/01\/DESTACADO-1-1-48x48.jpg",48,48,true],"logos":["https:\/\/argentinaglobal.org.ar\/wp-content\/uploads\/2023\/01\/DESTACADO-1-1-152x107.jpg",152,107,true]},"rttpg_author":{"display_name":"dante","author_link":"https:\/\/argentinaglobal.org.ar\/eng\/author\/dante\/"},"rttpg_comment":0,"rttpg_category":"<a href=\"https:\/\/argentinaglobal.org.ar\/eng\/category\/destacados\/\" rel=\"category tag\">Destacados<\/a>","rttpg_excerpt":"20 de octubre de 2022 El cambio clim\u00e1tico estuvo en el centro del debate en la Cumbre de Alcaldes del C40 que se organiz\u00f3 en la Ciudad de Buenos Aires [&hellip;]","_links":{"self":[{"href":"https:\/\/argentinaglobal.org.ar\/eng\/wp-json\/wp\/v2\/posts\/2922","targetHints":{"allow":["GET"]}}],"collection":[{"href":"https:\/\/argentinaglobal.org.ar\/eng\/wp-json\/wp\/v2\/posts"}],"about":[{"href":"https:\/\/argentinaglobal.org.ar\/eng\/wp-json\/wp\/v2\/types\/post"}],"author":[{"embeddable":true,"href":"https:\/\/argentinaglobal.org.ar\/eng\/wp-json\/wp\/v2\/users\/3"}],"replies":[{"embeddable":true,"href":"https:\/\/argentinaglobal.org.ar\/eng\/wp-json\/wp\/v2\/comments?post=2922"}],"version-history":[{"count":1,"href":"https:\/\/argentinaglobal.org.ar\/eng\/wp-json\/wp\/v2\/posts\/2922\/revisions"}],"predecessor-version":[{"id":2925,"href":"https:\/\/argentinaglobal.org.ar\/eng\/wp-json\/wp\/v2\/posts\/2922\/revisions\/2925"}],"wp:featuredmedia":[{"embeddable":true,"href":"https:\/\/argentinaglobal.org.ar\/eng\/wp-json\/wp\/v2\/media\/2924"}],"wp:attachment":[{"href":"https:\/\/argentinaglobal.org.ar\/eng\/wp-json\/wp\/v2\/media?parent=2922"}],"wp:term":[{"taxonomy":"category","embeddable":true,"href":"https:\/\/argentinaglobal.org.ar\/eng\/wp-json\/wp\/v2\/categories?post=2922"},{"taxonomy":"post_tag","embeddable":true,"href":"https:\/\/argentinaglobal.org.ar\/eng\/wp-json\/wp\/v2\/tags?post=2922"}],"curies":[{"name":"wp","href":"https:\/\/api.w.org\/{rel}","templated":true}]}}