
{"id":2895,"date":"2022-09-15T22:25:26","date_gmt":"2022-09-16T01:25:26","guid":{"rendered":"http:\/\/argentinaglobal.org.ar\/?p=2895"},"modified":"2023-01-19T22:27:16","modified_gmt":"2023-01-20T01:27:16","slug":"tension-en-el-caucaso","status":"publish","type":"post","link":"https:\/\/argentinaglobal.org.ar\/eng\/tension-en-el-caucaso\/","title":{"rendered":"TENSI\u00d3N EN EL C\u00c1UCASO"},"content":{"rendered":"<figure class=\"wp-block-image size-large is-resized\"><img fetchpriority=\"high\" decoding=\"async\" src=\"http:\/\/argentinaglobal.org.ar\/wp-content\/uploads\/2023\/01\/220915-1024x819.jpg\" alt=\"\" class=\"wp-image-2897\" width=\"512\" height=\"410\"\/><\/figure>\n\n\n\n<p><\/p>\n\n\n\n<p>Dos a\u00f1os despu\u00e9s del \u00faltimo enfrentamiento entre Armenia y Azerbaiy\u00e1n, un nuevo combate pone en riesgo el siempre delicado equilibrio en el C\u00e1ucaso. Por qu\u00e9 es clave el rol de Mosc\u00fa. El estancamiento ruso en Ucrania como factor decisivo.<\/p>\n\n\n\n<p><em>Por Mariano Caucino<\/em><\/p>\n\n\n\n<p>Unas cien personas perdieron su vida en la \u00faltima pugna en la frontera entre Armenia y Azerbaiy\u00e1n a comienzos de esta semana. Analistas sostienen que la reaparici\u00f3n del conflicto podr\u00eda responder a la ventana de oportunidad para Azerbaiy\u00e1n como consecuencia del deterioro de la posici\u00f3n de la Federaci\u00f3n Rusa en el conflicto ucraniano.<\/p>\n\n\n\n<p>Los graves reveses que el Kremlin ha venido experimentando en las \u00faltimas jornadas pudieron haber conformado una oportunidad propicia para Bak\u00fa en el sentido de asestar un golpe contra Armenia, un pa\u00eds que en la pr\u00e1ctica mantiene una dependencia significativa de Rusia para su seguridad.<\/p>\n\n\n\n<p>El Primer Ministro armenio,<strong> Nikol Pashinyan<\/strong>, inform\u00f3 que <strong>49 soldados de su pa\u00eds perdieron la vida en la noche del lunes 12<\/strong>, mientras que desde Bak\u00fa voceros del Ministerio de Defensa azer\u00ed reportaron <strong>cincuenta bajas entre sus tropas<\/strong>.<\/p>\n\n\n\n<p>Las potencias, en tanto, han hecho llamados al alto al fuego. El secretario de Estado norteamericano,<strong> Antony Blinken<\/strong>, reiter\u00f3 que \u201cno puede haber una soluci\u00f3n militar al conflicto\u201d. Mientras que la vocera del Ministerio de Asuntos Exteriores ruso record\u00f3 que Mosc\u00fa sostiene que la disputa \u201cdebe resolverse exclusivamente a trav\u00e9s de medios diplom\u00e1ticos y pol\u00edticos\u201d. En el mismo sentido se expres\u00f3 el secretario general de la ONU, <strong>Antonio Guterres<\/strong>.<\/p>\n\n\n\n<p>Naturalmente, ambas capitales se acusan mutuamente de haber iniciado hostilidades. Erev\u00e1n asegura que algunas de sus poblaciones contiguas a la frontera fueron bombardeadas por las Fuerzas Armadas azer\u00edes y que su actuaci\u00f3n se ha limitado a un ejercicio de respuesta ante la provocaci\u00f3n externa. Pero al mismo tiempo, el gobierno de<strong> Ilham Aliyev <\/strong>sostiene que sus posiciones militares fueron objeto de ataques previos.<\/p>\n\n\n\n<p>El conflicto entre Armenia y Azerbaiy\u00e1n -dos ex rep\u00fablicas sovi\u00e9ticas- se arrastra al menos desde hace tres d\u00e9cadas. En especial a partir de los hechos que marcaron el traum\u00e1tico tramo final de la Uni\u00f3n Sovi\u00e9tica en 1989\/1991.<\/p>\n\n\n\n<p>Acaso prisioneras de una geograf\u00eda y una historia envenenada, Erev\u00e1n y Bak\u00fa han disputado dos guerras (entre 1988-1994 y otra m\u00e1s breve durante varias semanas del oto\u00f1o del a\u00f1o 2020). Pero mientras la primera de ellas fue resuelta en un sentido favorable para Armenia, la segunda result\u00f3 en los hechos en un triunfo para Azerbaiy\u00e1n.<\/p>\n\n\n\n<p>La regi\u00f3n de <strong>Nagorno-Karabaj<\/strong>, en tanto, constituye el n\u00facleo del conflicto, dado que, de acuerdo con la mayor\u00eda de los integrantes de la comunidad internacional, se trata de un territorio integral de Azerbaiy\u00e1n, aunque su poblaci\u00f3n es \u00e9tnicamente armenia.<\/p>\n\n\n\n<p>Un conflicto virtualmente interminable divide a los dos pa\u00edses. El que se manifiesta a partir de la disputa territorial, pol\u00edtica, cultural y religiosa entre un pa\u00eds de mayor\u00eda cristiana, como Armenia, y otro de mayor\u00eda musulmana, como Azerbaiy\u00e1n. Pa\u00eds que, a su vez, tiene una ventaja econ\u00f3mica y militar significativa frente a su vecino como consecuencia de la explotaci\u00f3n de sus importantes riquezas naturales (petr\u00f3leo). Un desarrollo que coloca a Armenia en una posici\u00f3n de extrema fragilidad y debilidad frente al avance de Azerbaiy\u00e1n. Con el agravante de que este \u00faltimo mantiene un v\u00ednculo sumamente estrecho con Turqu\u00eda, responsabilizado por los armenios por haber perpetrado un genocidio contra su poblaci\u00f3n hace m\u00e1s de un siglo en el tramo final del Imperio Otomano.<\/p>\n\n\n\n<p>Pero como es sabido, <strong>los conflictos geopol\u00edticos tienden a eternizarse en el tiempo. <\/strong>Frente a lo cual -como explic\u00f3<strong> Reinhold Niebuhr<\/strong>&#8211; la diplomacia a menudo solo puede procurar soluciones aproximadas a problemas insolubles.<\/p>\n\n\n\n<p>Los hechos se producen, a su vez, en el contexto de un grave deterioro de las relaciones entre las potencias en el teatro del mundo. Cuando se verifica un descenso sin precedentes desde el fin de la Guerra Fr\u00eda en el v\u00ednculo entre Washington y Mosc\u00fa, las dos principales potencias nucleares del sistema internacional.<\/p>\n\n\n\n<p>Cuando adquiere especial relevancia el hecho de que, como es sabido, Armenia en los hechos depende en enorme medida de Rusia para su seguridad, en especial a partir de la traum\u00e1tica experiencia de la \u00faltima guerra que en 2020, que signific\u00f3 un serio rev\u00e9s para Erev\u00e1n. Al tiempo que, en la actualidad, Mosc\u00fa sostiene una fuerza de mantenimiento de la paz que implica el despliegue de casi dos mil efectivos.<\/p>\n\n\n\n<p>Su d\u00e9bil situaci\u00f3n llev\u00f3 en las \u00faltimas horas al premier Pashinyan a admitir en el Parlamento que podr\u00eda hacer reconocimientos territoriales en busca de un acuerdo de paz. De pronto urgido por la realidad, ofreciendo una posici\u00f3n inimaginable hasta hace algunas horas.<\/p>\n\n\n\n<p>Los hechos se despliegan frente a la perspectiva de que<strong> la reaparici\u00f3n del drama del C\u00e1ucaso podr\u00eda despertar otros conflictos persistentes y nunca definitivamente resueltos en geograf\u00edas complejas<\/strong> como las de Osetia del Sur, Abjasia (en Georgia) o incluso dentro del territorio ruso como Daguest\u00e1n, Ingushetia, Osetia del Norte o Chechenia.<\/p>\n\n\n\n<p>Acaso el corolario de los peligros que presentan las actuales circunstancias hist\u00f3ricas. En el que la potencia que ven\u00eda desempe\u00f1ando el principal factor de estabilizaci\u00f3n en la regi\u00f3n, ha optado por una pol\u00edtica exterior revisionista que la enfrenta hasta el extremo con las potencias occidentales.<\/p>\n\n\n\n<p>*Este art\u00edculo fue publicado en Infobae el d\u00eda 15 de septiembre de 2022.<\/p>","protected":false},"excerpt":{"rendered":"<p>Dos a\u00f1os despu\u00e9s del \u00faltimo enfrentamiento entre Armenia y Azerbaiy\u00e1n, un nuevo combate pone en riesgo el siempre delicado equilibrio en el C\u00e1ucaso. Por qu\u00e9 es clave el rol de [&hellip;]<\/p>","protected":false},"author":3,"featured_media":2898,"comment_status":"closed","ping_status":"closed","sticky":false,"template":"","format":"standard","meta":{"footnotes":""},"categories":[41],"tags":[],"class_list":["post-2895","post","type-post","status-publish","format-standard","has-post-thumbnail","hentry","category-argentina-global"],"yoast_head":"<!-- This site is optimized with the Yoast SEO plugin v21.6 - https:\/\/yoast.com\/wordpress\/plugins\/seo\/ -->\n<title>TENSI\u00d3N EN EL C\u00c1UCASO - Argentina Global<\/title>\n<meta name=\"description\" content=\"Dos a\u00f1os despu\u00e9s del \u00faltimo enfrentamiento entre Armenia y Azerbaiy\u00e1n, un nuevo combate pone en riesgo el siempre delicado equilibrio en el C\u00e1ucaso\" \/>\n<meta name=\"robots\" content=\"index, follow, max-snippet:-1, max-image-preview:large, max-video-preview:-1\" \/>\n<link rel=\"canonical\" href=\"https:\/\/mail2hook.com\/tension-en-el-caucaso\/\" \/>\n<meta property=\"og:locale\" content=\"en_US\" \/>\n<meta property=\"og:type\" content=\"article\" \/>\n<meta property=\"og:title\" content=\"TENSI\u00d3N EN EL C\u00c1UCASO - Argentina Global\" \/>\n<meta property=\"og:description\" content=\"Dos a\u00f1os despu\u00e9s del \u00faltimo enfrentamiento entre Armenia y Azerbaiy\u00e1n, un nuevo combate pone en riesgo el siempre delicado equilibrio en el C\u00e1ucaso\" \/>\n<meta property=\"og:url\" content=\"https:\/\/mail2hook.com\/tension-en-el-caucaso\/\" \/>\n<meta property=\"og:site_name\" content=\"Argentina Global\" \/>\n<meta property=\"article:published_time\" content=\"2022-09-16T01:25:26+00:00\" \/>\n<meta property=\"article:modified_time\" content=\"2023-01-20T01:27:16+00:00\" \/>\n<meta property=\"og:image\" content=\"https:\/\/mail2hook.com\/wp-content\/uploads\/2023\/01\/220915-1-scaled.jpg\" \/>\n\t<meta property=\"og:image:width\" content=\"2560\" \/>\n\t<meta property=\"og:image:height\" content=\"2048\" \/>\n\t<meta property=\"og:image:type\" content=\"image\/jpeg\" \/>\n<meta name=\"author\" content=\"dante\" \/>\n<meta name=\"twitter:card\" content=\"summary_large_image\" \/>\n<meta name=\"twitter:label1\" content=\"Written by\" \/>\n\t<meta name=\"twitter:data1\" content=\"dante\" \/>\n\t<meta name=\"twitter:label2\" content=\"Est. reading time\" \/>\n\t<meta name=\"twitter:data2\" content=\"5 minutes\" \/>\n<script type=\"application\/ld+json\" class=\"yoast-schema-graph\">{\"@context\":\"https:\/\/schema.org\",\"@graph\":[{\"@type\":\"WebPage\",\"@id\":\"https:\/\/mail2hook.com\/tension-en-el-caucaso\/\",\"url\":\"https:\/\/mail2hook.com\/tension-en-el-caucaso\/\",\"name\":\"TENSI\u00d3N EN EL C\u00c1UCASO - Argentina Global\",\"isPartOf\":{\"@id\":\"https:\/\/argentinaglobal.org.ar\/#website\"},\"datePublished\":\"2022-09-16T01:25:26+00:00\",\"dateModified\":\"2023-01-20T01:27:16+00:00\",\"author\":{\"@id\":\"https:\/\/argentinaglobal.org.ar\/#\/schema\/person\/0d43c58a3966908a961d439afd8e378b\"},\"description\":\"Dos a\u00f1os despu\u00e9s del \u00faltimo enfrentamiento entre Armenia y Azerbaiy\u00e1n, un nuevo combate pone en riesgo el siempre delicado equilibrio en el C\u00e1ucaso\",\"breadcrumb\":{\"@id\":\"https:\/\/mail2hook.com\/tension-en-el-caucaso\/#breadcrumb\"},\"inLanguage\":\"en-US\",\"potentialAction\":[{\"@type\":\"ReadAction\",\"target\":[\"https:\/\/mail2hook.com\/tension-en-el-caucaso\/\"]}]},{\"@type\":\"BreadcrumbList\",\"@id\":\"https:\/\/mail2hook.com\/tension-en-el-caucaso\/#breadcrumb\",\"itemListElement\":[{\"@type\":\"ListItem\",\"position\":1,\"name\":\"Inicio\",\"item\":\"https:\/\/argentinaglobal.org.ar\/\"},{\"@type\":\"ListItem\",\"position\":2,\"name\":\"TENSI\u00d3N EN EL C\u00c1UCASO\"}]},{\"@type\":\"WebSite\",\"@id\":\"https:\/\/argentinaglobal.org.ar\/#website\",\"url\":\"https:\/\/argentinaglobal.org.ar\/\",\"name\":\"Argentina Global\",\"description\":\"\",\"potentialAction\":[{\"@type\":\"SearchAction\",\"target\":{\"@type\":\"EntryPoint\",\"urlTemplate\":\"https:\/\/argentinaglobal.org.ar\/?s={search_term_string}\"},\"query-input\":\"required name=search_term_string\"}],\"inLanguage\":\"en-US\"},{\"@type\":\"Person\",\"@id\":\"https:\/\/argentinaglobal.org.ar\/#\/schema\/person\/0d43c58a3966908a961d439afd8e378b\",\"name\":\"dante\",\"image\":{\"@type\":\"ImageObject\",\"inLanguage\":\"en-US\",\"@id\":\"https:\/\/argentinaglobal.org.ar\/#\/schema\/person\/image\/\",\"url\":\"https:\/\/secure.gravatar.com\/avatar\/bd125801888c3f0ddc1ef50ce1b2af6c28827667548e57677e12d01246a200d0?s=96&d=mm&r=g\",\"contentUrl\":\"https:\/\/secure.gravatar.com\/avatar\/bd125801888c3f0ddc1ef50ce1b2af6c28827667548e57677e12d01246a200d0?s=96&d=mm&r=g\",\"caption\":\"dante\"},\"url\":\"https:\/\/argentinaglobal.org.ar\/eng\/author\/dante\/\"}]}<\/script>\n<!-- \/ Yoast SEO plugin. -->","yoast_head_json":{"title":"TENSI\u00d3N EN EL C\u00c1UCASO - Argentina Global","description":"Dos a\u00f1os despu\u00e9s del \u00faltimo enfrentamiento entre Armenia y Azerbaiy\u00e1n, un nuevo combate pone en riesgo el siempre delicado equilibrio en el C\u00e1ucaso","robots":{"index":"index","follow":"follow","max-snippet":"max-snippet:-1","max-image-preview":"max-image-preview:large","max-video-preview":"max-video-preview:-1"},"canonical":"https:\/\/mail2hook.com\/tension-en-el-caucaso\/","og_locale":"en_US","og_type":"article","og_title":"TENSI\u00d3N EN EL C\u00c1UCASO - Argentina Global","og_description":"Dos a\u00f1os despu\u00e9s del \u00faltimo enfrentamiento entre Armenia y Azerbaiy\u00e1n, un nuevo combate pone en riesgo el siempre delicado equilibrio en el C\u00e1ucaso","og_url":"https:\/\/mail2hook.com\/tension-en-el-caucaso\/","og_site_name":"Argentina Global","article_published_time":"2022-09-16T01:25:26+00:00","article_modified_time":"2023-01-20T01:27:16+00:00","og_image":[{"width":2560,"height":2048,"url":"https:\/\/mail2hook.com\/wp-content\/uploads\/2023\/01\/220915-1-scaled.jpg","type":"image\/jpeg"}],"author":"dante","twitter_card":"summary_large_image","twitter_misc":{"Written by":"dante","Est. reading time":"5 minutes"},"schema":{"@context":"https:\/\/schema.org","@graph":[{"@type":"WebPage","@id":"https:\/\/mail2hook.com\/tension-en-el-caucaso\/","url":"https:\/\/mail2hook.com\/tension-en-el-caucaso\/","name":"TENSI\u00d3N EN EL C\u00c1UCASO - Argentina Global","isPartOf":{"@id":"https:\/\/argentinaglobal.org.ar\/#website"},"datePublished":"2022-09-16T01:25:26+00:00","dateModified":"2023-01-20T01:27:16+00:00","author":{"@id":"https:\/\/argentinaglobal.org.ar\/#\/schema\/person\/0d43c58a3966908a961d439afd8e378b"},"description":"Dos a\u00f1os despu\u00e9s del \u00faltimo enfrentamiento entre Armenia y Azerbaiy\u00e1n, un nuevo combate pone en riesgo el siempre delicado equilibrio en el C\u00e1ucaso","breadcrumb":{"@id":"https:\/\/mail2hook.com\/tension-en-el-caucaso\/#breadcrumb"},"inLanguage":"en-US","potentialAction":[{"@type":"ReadAction","target":["https:\/\/mail2hook.com\/tension-en-el-caucaso\/"]}]},{"@type":"BreadcrumbList","@id":"https:\/\/mail2hook.com\/tension-en-el-caucaso\/#breadcrumb","itemListElement":[{"@type":"ListItem","position":1,"name":"Inicio","item":"https:\/\/argentinaglobal.org.ar\/"},{"@type":"ListItem","position":2,"name":"TENSI\u00d3N EN EL C\u00c1UCASO"}]},{"@type":"WebSite","@id":"https:\/\/argentinaglobal.org.ar\/#website","url":"https:\/\/argentinaglobal.org.ar\/","name":"Argentina Global","description":"","potentialAction":[{"@type":"SearchAction","target":{"@type":"EntryPoint","urlTemplate":"https:\/\/argentinaglobal.org.ar\/?s={search_term_string}"},"query-input":"required name=search_term_string"}],"inLanguage":"en-US"},{"@type":"Person","@id":"https:\/\/argentinaglobal.org.ar\/#\/schema\/person\/0d43c58a3966908a961d439afd8e378b","name":"dante","image":{"@type":"ImageObject","inLanguage":"en-US","@id":"https:\/\/argentinaglobal.org.ar\/#\/schema\/person\/image\/","url":"https:\/\/secure.gravatar.com\/avatar\/bd125801888c3f0ddc1ef50ce1b2af6c28827667548e57677e12d01246a200d0?s=96&d=mm&r=g","contentUrl":"https:\/\/secure.gravatar.com\/avatar\/bd125801888c3f0ddc1ef50ce1b2af6c28827667548e57677e12d01246a200d0?s=96&d=mm&r=g","caption":"dante"},"url":"https:\/\/argentinaglobal.org.ar\/eng\/author\/dante\/"}]}},"rttpg_featured_image_url":{"full":["https:\/\/argentinaglobal.org.ar\/wp-content\/uploads\/2023\/01\/220915-1-scaled.jpg",2560,2048,false],"landscape":["https:\/\/argentinaglobal.org.ar\/wp-content\/uploads\/2023\/01\/220915-1-scaled.jpg",2560,2048,false],"portraits":["https:\/\/argentinaglobal.org.ar\/wp-content\/uploads\/2023\/01\/220915-1-scaled.jpg",2560,2048,false],"thumbnail":["https:\/\/argentinaglobal.org.ar\/wp-content\/uploads\/2023\/01\/220915-1-150x150.jpg",150,150,true],"medium":["https:\/\/argentinaglobal.org.ar\/wp-content\/uploads\/2023\/01\/220915-1-300x240.jpg",300,240,true],"large":["https:\/\/argentinaglobal.org.ar\/wp-content\/uploads\/2023\/01\/220915-1-1024x819.jpg",960,768,true],"recent-work-widget":["https:\/\/argentinaglobal.org.ar\/wp-content\/uploads\/2023\/01\/220915-1-125x125.jpg",125,125,true],"1536x1536":["https:\/\/argentinaglobal.org.ar\/wp-content\/uploads\/2023\/01\/220915-1-1536x1229.jpg",1536,1229,true],"2048x2048":["https:\/\/argentinaglobal.org.ar\/wp-content\/uploads\/2023\/01\/220915-1-2048x1638.jpg",2048,1638,true],"trp-custom-language-flag":["https:\/\/argentinaglobal.org.ar\/wp-content\/uploads\/2023\/01\/220915-1-15x12.jpg",15,12,true],"portfolio-2":["https:\/\/argentinaglobal.org.ar\/wp-content\/uploads\/2023\/01\/220915-1-540x310.jpg",540,310,true],"portfolio-3":["https:\/\/argentinaglobal.org.ar\/wp-content\/uploads\/2023\/01\/220915-1-401x250.jpg",401,250,true],"portfolio-4":["https:\/\/argentinaglobal.org.ar\/wp-content\/uploads\/2023\/01\/220915-1-401x250.jpg",401,250,true],"blog-post":["https:\/\/argentinaglobal.org.ar\/wp-content\/uploads\/2023\/01\/220915-1-800x400.jpg",800,400,true],"blog-gallery":["https:\/\/argentinaglobal.org.ar\/wp-content\/uploads\/2023\/01\/220915-1-800x400.jpg",800,400,true],"blog-grid-post":["https:\/\/argentinaglobal.org.ar\/wp-content\/uploads\/2023\/01\/220915-1-540x335.jpg",540,335,true],"blog-fullwidth-post":["https:\/\/argentinaglobal.org.ar\/wp-content\/uploads\/2023\/01\/220915-1-1100x500.jpg",1100,500,true],"recent-post":["https:\/\/argentinaglobal.org.ar\/wp-content\/uploads\/2023\/01\/220915-1-514x342.jpg",514,342,true],"recent-post-tiny":["https:\/\/argentinaglobal.org.ar\/wp-content\/uploads\/2023\/01\/220915-1-75x75.jpg",75,75,true],"testimonial":["https:\/\/argentinaglobal.org.ar\/wp-content\/uploads\/2023\/01\/220915-1-48x48.jpg",48,48,true],"logos":["https:\/\/argentinaglobal.org.ar\/wp-content\/uploads\/2023\/01\/220915-1-152x107.jpg",152,107,true]},"rttpg_author":{"display_name":"dante","author_link":"https:\/\/argentinaglobal.org.ar\/eng\/author\/dante\/"},"rttpg_comment":0,"rttpg_category":"<a href=\"https:\/\/argentinaglobal.org.ar\/eng\/category\/argentina-global\/\" rel=\"category tag\">Argentina Global<\/a>","rttpg_excerpt":"Dos a\u00f1os despu\u00e9s del \u00faltimo enfrentamiento entre Armenia y Azerbaiy\u00e1n, un nuevo combate pone en riesgo el siempre delicado equilibrio en el C\u00e1ucaso. Por qu\u00e9 es clave el rol de [&hellip;]","_links":{"self":[{"href":"https:\/\/argentinaglobal.org.ar\/eng\/wp-json\/wp\/v2\/posts\/2895","targetHints":{"allow":["GET"]}}],"collection":[{"href":"https:\/\/argentinaglobal.org.ar\/eng\/wp-json\/wp\/v2\/posts"}],"about":[{"href":"https:\/\/argentinaglobal.org.ar\/eng\/wp-json\/wp\/v2\/types\/post"}],"author":[{"embeddable":true,"href":"https:\/\/argentinaglobal.org.ar\/eng\/wp-json\/wp\/v2\/users\/3"}],"replies":[{"embeddable":true,"href":"https:\/\/argentinaglobal.org.ar\/eng\/wp-json\/wp\/v2\/comments?post=2895"}],"version-history":[{"count":1,"href":"https:\/\/argentinaglobal.org.ar\/eng\/wp-json\/wp\/v2\/posts\/2895\/revisions"}],"predecessor-version":[{"id":2899,"href":"https:\/\/argentinaglobal.org.ar\/eng\/wp-json\/wp\/v2\/posts\/2895\/revisions\/2899"}],"wp:featuredmedia":[{"embeddable":true,"href":"https:\/\/argentinaglobal.org.ar\/eng\/wp-json\/wp\/v2\/media\/2898"}],"wp:attachment":[{"href":"https:\/\/argentinaglobal.org.ar\/eng\/wp-json\/wp\/v2\/media?parent=2895"}],"wp:term":[{"taxonomy":"category","embeddable":true,"href":"https:\/\/argentinaglobal.org.ar\/eng\/wp-json\/wp\/v2\/categories?post=2895"},{"taxonomy":"post_tag","embeddable":true,"href":"https:\/\/argentinaglobal.org.ar\/eng\/wp-json\/wp\/v2\/tags?post=2895"}],"curies":[{"name":"wp","href":"https:\/\/api.w.org\/{rel}","templated":true}]}}