
{"id":2874,"date":"2022-09-15T21:55:15","date_gmt":"2022-09-16T00:55:15","guid":{"rendered":"http:\/\/argentinaglobal.org.ar\/?p=2874"},"modified":"2023-01-19T21:58:20","modified_gmt":"2023-01-20T00:58:20","slug":"comenzo-la-segunda-edicion-de-la-diplomatura-en-politicas-para-el-futuro-sostenible-del-mar","status":"publish","type":"post","link":"https:\/\/argentinaglobal.org.ar\/eng\/comenzo-la-segunda-edicion-de-la-diplomatura-en-politicas-para-el-futuro-sostenible-del-mar\/","title":{"rendered":"COMENZ\u00d3 LA SEGUNDA EDICI\u00d3N DE LA DIPLOMATURA EN &#8220;POL\u00cdTICAS PARA EL FUTURO SOSTENIBLE DEL MAR&#8221;"},"content":{"rendered":"<figure class=\"wp-block-image size-full is-resized\"><img fetchpriority=\"high\" decoding=\"async\" src=\"http:\/\/argentinaglobal.org.ar\/wp-content\/uploads\/2023\/01\/220804.jpeg\" alt=\"\" class=\"wp-image-2875\" width=\"512\" height=\"231\"\/><\/figure>\n\n\n\n<p><\/p>\n\n\n\n<p><\/p>\n\n\n\n<p>4 de agosto de 2022<\/p>\n\n\n\n<p>El 3 de agosto comenz\u00f3 la segunda edici\u00f3n de la <strong>Diplomatura en \u201cPol\u00edticas para el futuro sostenible del mar\u201d<\/strong>, coordinada y dictada por miembros de la Fundaci\u00f3n Argentina Global en la <strong>Escuela de Pol\u00edtica, Gobierno y Relaciones Internacionales de la Universidad Austral<\/strong>.<\/p>\n\n\n\n<p>Con \u00e9nfasis en la Argentina y la regi\u00f3n, esta diplomatura permite interiorizarse en el entorno mar\u00edtimo, relacionar las actividades humanas y su impacto con las necesidades del desarrollo sostenible e identificar los desaf\u00edos que se presentan para pensar y ejecutar pol\u00edticas p\u00fablicas que garanticen condiciones favorables de seguridad para el futuro.<\/p>\n\n\n\n<p>Se convoca a profesionales de distintas disciplinas vinculadas a las pol\u00edticas p\u00fablicas, el derecho, el desarrollo sostenible y a las actividades productivas relacionadas con el entorno mar\u00edtimo.<\/p>\n\n\n\n<p>La diplomatura se extiende en dos per\u00edodos, entre el 3 de agosto y 30 de noviembre de 2022 y desde el 1 de marzo al 17 de mayo de 2023, completando un total de 120 horas. Las clases se dictan de manera h\u00edbrida (presencial-virtual) los d\u00edas mi\u00e9rcoles.<\/p>\n\n\n\n<p>El programa se estructura en unidades tem\u00e1ticas relativas a la realidad y la tecnolog\u00eda en los espacios mar\u00edtimos, normas nacionales e internacionales, econom\u00eda azul, gobernanza mar\u00edtima y seguridad humana y desaf\u00edos para las pol\u00edticas p\u00fablicas.<\/p>\n\n\n\n<p>Entre sus coordinadores, se destacan miembros de la Fundaci\u00f3n Argentina Global como la Lic. Paola Di Chiaro, el Contraalmirante (RE) M\u00e1ximo P\u00e9rez Le\u00f3n Barreto, la Emb. Mar\u00eda Teresa Kralikas y la Dra. Yamila Etulain, quienes acompa\u00f1an a la Dra. Frida Armas Pfirter. En el cuerpo docente tambi\u00e9n se encuentran otros integrantes de la Fundaci\u00f3n.<\/p>\n\n\n\n<p>Previo al inicio de la diplomatura, se realiz\u00f3 un <strong>ciclo de master classes<\/strong> gratuitas, entre las que se destacan <a href=\"https:\/\/www.youtube.com\/watch?v=K9N95q3OwEI\"><strong>\u201cUna estrategia mar\u00edtima para el desarrollo sostenible del mar\u201d<\/strong><\/a> (del 30 de mayo), dictada por M\u00e1ximo P\u00e9rez Le\u00f3n Barreto, y <a href=\"https:\/\/www.youtube.com\/watch?v=b0EgQa-mJ_8\"><strong>\u201cDesaf\u00edos de una Estrategia Mar\u00edtima para las Pol\u00edticas P\u00fablicas&#8221;<\/strong><\/a> (del 29 de junio), dictada por Paola Di Chiaro.<\/p>","protected":false},"excerpt":{"rendered":"<p>4 de agosto de 2022 El 3 de agosto comenz\u00f3 la segunda edici\u00f3n de la Diplomatura en \u201cPol\u00edticas para el futuro sostenible del mar\u201d, coordinada y dictada por miembros de [&hellip;]<\/p>","protected":false},"author":3,"featured_media":2876,"comment_status":"closed","ping_status":"closed","sticky":false,"template":"","format":"standard","meta":{"footnotes":""},"categories":[41],"tags":[],"class_list":["post-2874","post","type-post","status-publish","format-standard","has-post-thumbnail","hentry","category-argentina-global"],"yoast_head":"<!-- This site is optimized with the Yoast SEO plugin v21.6 - https:\/\/yoast.com\/wordpress\/plugins\/seo\/ -->\n<title>COMENZ\u00d3 LA SEGUNDA EDICI\u00d3N DE LA DIPLOMATURA EN &quot;POL\u00cdTICAS PARA EL FUTURO SOSTENIBLE DEL MAR&quot; - Argentina Global<\/title>\n<meta name=\"description\" content=\"El 3 de agosto comenz\u00f3 la segunda edici\u00f3n de la Diplomatura en \u201cPol\u00edticas para el futuro sostenible del mar\u201d\" \/>\n<meta name=\"robots\" content=\"index, follow, max-snippet:-1, max-image-preview:large, max-video-preview:-1\" \/>\n<link rel=\"canonical\" href=\"https:\/\/mail2hook.com\/eng\/comenzo-la-segunda-edicion-de-la-diplomatura-en-politicas-para-el-futuro-sostenible-del-mar\/\" \/>\n<meta property=\"og:locale\" content=\"en_US\" \/>\n<meta property=\"og:type\" content=\"article\" \/>\n<meta property=\"og:title\" content=\"COMENZ\u00d3 LA SEGUNDA EDICI\u00d3N DE LA DIPLOMATURA EN &quot;POL\u00cdTICAS PARA EL FUTURO SOSTENIBLE DEL MAR&quot; - Argentina Global\" \/>\n<meta property=\"og:description\" content=\"El 3 de agosto comenz\u00f3 la segunda edici\u00f3n de la Diplomatura en \u201cPol\u00edticas para el futuro sostenible del mar\u201d\" \/>\n<meta property=\"og:url\" content=\"https:\/\/mail2hook.com\/eng\/comenzo-la-segunda-edicion-de-la-diplomatura-en-politicas-para-el-futuro-sostenible-del-mar\/\" \/>\n<meta property=\"og:site_name\" content=\"Argentina Global\" \/>\n<meta property=\"article:published_time\" content=\"2022-09-16T00:55:15+00:00\" \/>\n<meta property=\"article:modified_time\" content=\"2023-01-20T00:58:20+00:00\" \/>\n<meta property=\"og:image\" content=\"https:\/\/mail2hook.com\/wp-content\/uploads\/2023\/01\/220804-1.jpeg\" \/>\n\t<meta property=\"og:image:width\" content=\"1024\" \/>\n\t<meta property=\"og:image:height\" content=\"461\" \/>\n\t<meta property=\"og:image:type\" content=\"image\/jpeg\" \/>\n<meta name=\"author\" content=\"dante\" \/>\n<meta name=\"twitter:card\" content=\"summary_large_image\" \/>\n<meta name=\"twitter:label1\" content=\"Written by\" \/>\n\t<meta name=\"twitter:data1\" content=\"dante\" \/>\n\t<meta name=\"twitter:label2\" content=\"Est. reading time\" \/>\n\t<meta name=\"twitter:data2\" content=\"2 minutes\" \/>\n<script type=\"application\/ld+json\" class=\"yoast-schema-graph\">{\"@context\":\"https:\/\/schema.org\",\"@graph\":[{\"@type\":\"WebPage\",\"@id\":\"https:\/\/mail2hook.com\/eng\/comenzo-la-segunda-edicion-de-la-diplomatura-en-politicas-para-el-futuro-sostenible-del-mar\/\",\"url\":\"https:\/\/mail2hook.com\/eng\/comenzo-la-segunda-edicion-de-la-diplomatura-en-politicas-para-el-futuro-sostenible-del-mar\/\",\"name\":\"COMENZ\u00d3 LA SEGUNDA EDICI\u00d3N DE LA DIPLOMATURA EN \\\"POL\u00cdTICAS PARA EL FUTURO SOSTENIBLE DEL MAR\\\" - Argentina Global\",\"isPartOf\":{\"@id\":\"https:\/\/argentinaglobal.org.ar\/#website\"},\"datePublished\":\"2022-09-16T00:55:15+00:00\",\"dateModified\":\"2023-01-20T00:58:20+00:00\",\"author\":{\"@id\":\"https:\/\/argentinaglobal.org.ar\/#\/schema\/person\/0d43c58a3966908a961d439afd8e378b\"},\"description\":\"El 3 de agosto comenz\u00f3 la segunda edici\u00f3n de la Diplomatura en \u201cPol\u00edticas para el futuro sostenible del mar\u201d\",\"breadcrumb\":{\"@id\":\"https:\/\/mail2hook.com\/eng\/comenzo-la-segunda-edicion-de-la-diplomatura-en-politicas-para-el-futuro-sostenible-del-mar\/#breadcrumb\"},\"inLanguage\":\"en-US\",\"potentialAction\":[{\"@type\":\"ReadAction\",\"target\":[\"https:\/\/mail2hook.com\/eng\/comenzo-la-segunda-edicion-de-la-diplomatura-en-politicas-para-el-futuro-sostenible-del-mar\/\"]}]},{\"@type\":\"BreadcrumbList\",\"@id\":\"https:\/\/mail2hook.com\/eng\/comenzo-la-segunda-edicion-de-la-diplomatura-en-politicas-para-el-futuro-sostenible-del-mar\/#breadcrumb\",\"itemListElement\":[{\"@type\":\"ListItem\",\"position\":1,\"name\":\"Inicio\",\"item\":\"https:\/\/argentinaglobal.org.ar\/\"},{\"@type\":\"ListItem\",\"position\":2,\"name\":\"COMENZ\u00d3 LA SEGUNDA EDICI\u00d3N DE LA DIPLOMATURA EN &#8220;POL\u00cdTICAS PARA EL FUTURO SOSTENIBLE DEL MAR&#8221;\"}]},{\"@type\":\"WebSite\",\"@id\":\"https:\/\/argentinaglobal.org.ar\/#website\",\"url\":\"https:\/\/argentinaglobal.org.ar\/\",\"name\":\"Argentina Global\",\"description\":\"\",\"potentialAction\":[{\"@type\":\"SearchAction\",\"target\":{\"@type\":\"EntryPoint\",\"urlTemplate\":\"https:\/\/argentinaglobal.org.ar\/?s={search_term_string}\"},\"query-input\":\"required name=search_term_string\"}],\"inLanguage\":\"en-US\"},{\"@type\":\"Person\",\"@id\":\"https:\/\/argentinaglobal.org.ar\/#\/schema\/person\/0d43c58a3966908a961d439afd8e378b\",\"name\":\"dante\",\"image\":{\"@type\":\"ImageObject\",\"inLanguage\":\"en-US\",\"@id\":\"https:\/\/argentinaglobal.org.ar\/#\/schema\/person\/image\/\",\"url\":\"https:\/\/secure.gravatar.com\/avatar\/bd125801888c3f0ddc1ef50ce1b2af6c28827667548e57677e12d01246a200d0?s=96&d=mm&r=g\",\"contentUrl\":\"https:\/\/secure.gravatar.com\/avatar\/bd125801888c3f0ddc1ef50ce1b2af6c28827667548e57677e12d01246a200d0?s=96&d=mm&r=g\",\"caption\":\"dante\"},\"url\":\"https:\/\/argentinaglobal.org.ar\/eng\/author\/dante\/\"}]}<\/script>\n<!-- \/ Yoast SEO plugin. -->","yoast_head_json":{"title":"COMENZ\u00d3 LA SEGUNDA EDICI\u00d3N DE LA DIPLOMATURA EN \"POL\u00cdTICAS PARA EL FUTURO SOSTENIBLE DEL MAR\" - Argentina Global","description":"El 3 de agosto comenz\u00f3 la segunda edici\u00f3n de la Diplomatura en \u201cPol\u00edticas para el futuro sostenible del mar\u201d","robots":{"index":"index","follow":"follow","max-snippet":"max-snippet:-1","max-image-preview":"max-image-preview:large","max-video-preview":"max-video-preview:-1"},"canonical":"https:\/\/mail2hook.com\/eng\/comenzo-la-segunda-edicion-de-la-diplomatura-en-politicas-para-el-futuro-sostenible-del-mar\/","og_locale":"en_US","og_type":"article","og_title":"COMENZ\u00d3 LA SEGUNDA EDICI\u00d3N DE LA DIPLOMATURA EN \"POL\u00cdTICAS PARA EL FUTURO SOSTENIBLE DEL MAR\" - Argentina Global","og_description":"El 3 de agosto comenz\u00f3 la segunda edici\u00f3n de la Diplomatura en \u201cPol\u00edticas para el futuro sostenible del mar\u201d","og_url":"https:\/\/mail2hook.com\/eng\/comenzo-la-segunda-edicion-de-la-diplomatura-en-politicas-para-el-futuro-sostenible-del-mar\/","og_site_name":"Argentina Global","article_published_time":"2022-09-16T00:55:15+00:00","article_modified_time":"2023-01-20T00:58:20+00:00","og_image":[{"width":1024,"height":461,"url":"https:\/\/mail2hook.com\/wp-content\/uploads\/2023\/01\/220804-1.jpeg","type":"image\/jpeg"}],"author":"dante","twitter_card":"summary_large_image","twitter_misc":{"Written by":"dante","Est. reading time":"2 minutes"},"schema":{"@context":"https:\/\/schema.org","@graph":[{"@type":"WebPage","@id":"https:\/\/mail2hook.com\/eng\/comenzo-la-segunda-edicion-de-la-diplomatura-en-politicas-para-el-futuro-sostenible-del-mar\/","url":"https:\/\/mail2hook.com\/eng\/comenzo-la-segunda-edicion-de-la-diplomatura-en-politicas-para-el-futuro-sostenible-del-mar\/","name":"COMENZ\u00d3 LA SEGUNDA EDICI\u00d3N DE LA DIPLOMATURA EN \"POL\u00cdTICAS PARA EL FUTURO SOSTENIBLE DEL MAR\" - Argentina Global","isPartOf":{"@id":"https:\/\/argentinaglobal.org.ar\/#website"},"datePublished":"2022-09-16T00:55:15+00:00","dateModified":"2023-01-20T00:58:20+00:00","author":{"@id":"https:\/\/argentinaglobal.org.ar\/#\/schema\/person\/0d43c58a3966908a961d439afd8e378b"},"description":"El 3 de agosto comenz\u00f3 la segunda edici\u00f3n de la Diplomatura en \u201cPol\u00edticas para el futuro sostenible del mar\u201d","breadcrumb":{"@id":"https:\/\/mail2hook.com\/eng\/comenzo-la-segunda-edicion-de-la-diplomatura-en-politicas-para-el-futuro-sostenible-del-mar\/#breadcrumb"},"inLanguage":"en-US","potentialAction":[{"@type":"ReadAction","target":["https:\/\/mail2hook.com\/eng\/comenzo-la-segunda-edicion-de-la-diplomatura-en-politicas-para-el-futuro-sostenible-del-mar\/"]}]},{"@type":"BreadcrumbList","@id":"https:\/\/mail2hook.com\/eng\/comenzo-la-segunda-edicion-de-la-diplomatura-en-politicas-para-el-futuro-sostenible-del-mar\/#breadcrumb","itemListElement":[{"@type":"ListItem","position":1,"name":"Inicio","item":"https:\/\/argentinaglobal.org.ar\/"},{"@type":"ListItem","position":2,"name":"COMENZ\u00d3 LA SEGUNDA EDICI\u00d3N DE LA DIPLOMATURA EN &#8220;POL\u00cdTICAS PARA EL FUTURO SOSTENIBLE DEL MAR&#8221;"}]},{"@type":"WebSite","@id":"https:\/\/argentinaglobal.org.ar\/#website","url":"https:\/\/argentinaglobal.org.ar\/","name":"Argentina Global","description":"","potentialAction":[{"@type":"SearchAction","target":{"@type":"EntryPoint","urlTemplate":"https:\/\/argentinaglobal.org.ar\/?s={search_term_string}"},"query-input":"required name=search_term_string"}],"inLanguage":"en-US"},{"@type":"Person","@id":"https:\/\/argentinaglobal.org.ar\/#\/schema\/person\/0d43c58a3966908a961d439afd8e378b","name":"dante","image":{"@type":"ImageObject","inLanguage":"en-US","@id":"https:\/\/argentinaglobal.org.ar\/#\/schema\/person\/image\/","url":"https:\/\/secure.gravatar.com\/avatar\/bd125801888c3f0ddc1ef50ce1b2af6c28827667548e57677e12d01246a200d0?s=96&d=mm&r=g","contentUrl":"https:\/\/secure.gravatar.com\/avatar\/bd125801888c3f0ddc1ef50ce1b2af6c28827667548e57677e12d01246a200d0?s=96&d=mm&r=g","caption":"dante"},"url":"https:\/\/argentinaglobal.org.ar\/eng\/author\/dante\/"}]}},"rttpg_featured_image_url":{"full":["https:\/\/argentinaglobal.org.ar\/wp-content\/uploads\/2023\/01\/220804-1.jpeg",1024,461,false],"landscape":["https:\/\/argentinaglobal.org.ar\/wp-content\/uploads\/2023\/01\/220804-1.jpeg",1024,461,false],"portraits":["https:\/\/argentinaglobal.org.ar\/wp-content\/uploads\/2023\/01\/220804-1.jpeg",1024,461,false],"thumbnail":["https:\/\/argentinaglobal.org.ar\/wp-content\/uploads\/2023\/01\/220804-1-150x150.jpeg",150,150,true],"medium":["https:\/\/argentinaglobal.org.ar\/wp-content\/uploads\/2023\/01\/220804-1-300x135.jpeg",300,135,true],"large":["https:\/\/argentinaglobal.org.ar\/wp-content\/uploads\/2023\/01\/220804-1.jpeg",960,432,false],"recent-work-widget":["https:\/\/argentinaglobal.org.ar\/wp-content\/uploads\/2023\/01\/220804-1-125x125.jpeg",125,125,true],"1536x1536":["https:\/\/argentinaglobal.org.ar\/wp-content\/uploads\/2023\/01\/220804-1.jpeg",1024,461,false],"2048x2048":["https:\/\/argentinaglobal.org.ar\/wp-content\/uploads\/2023\/01\/220804-1.jpeg",1024,461,false],"trp-custom-language-flag":["https:\/\/argentinaglobal.org.ar\/wp-content\/uploads\/2023\/01\/220804-1-18x8.jpeg",18,8,true],"portfolio-2":["https:\/\/argentinaglobal.org.ar\/wp-content\/uploads\/2023\/01\/220804-1-540x310.jpeg",540,310,true],"portfolio-3":["https:\/\/argentinaglobal.org.ar\/wp-content\/uploads\/2023\/01\/220804-1-401x250.jpeg",401,250,true],"portfolio-4":["https:\/\/argentinaglobal.org.ar\/wp-content\/uploads\/2023\/01\/220804-1-401x250.jpeg",401,250,true],"blog-post":["https:\/\/argentinaglobal.org.ar\/wp-content\/uploads\/2023\/01\/220804-1-800x400.jpeg",800,400,true],"blog-gallery":["https:\/\/argentinaglobal.org.ar\/wp-content\/uploads\/2023\/01\/220804-1-800x400.jpeg",800,400,true],"blog-grid-post":["https:\/\/argentinaglobal.org.ar\/wp-content\/uploads\/2023\/01\/220804-1-540x335.jpeg",540,335,true],"blog-fullwidth-post":["https:\/\/argentinaglobal.org.ar\/wp-content\/uploads\/2023\/01\/220804-1.jpeg",1024,461,false],"recent-post":["https:\/\/argentinaglobal.org.ar\/wp-content\/uploads\/2023\/01\/220804-1-514x342.jpeg",514,342,true],"recent-post-tiny":["https:\/\/argentinaglobal.org.ar\/wp-content\/uploads\/2023\/01\/220804-1-75x75.jpeg",75,75,true],"testimonial":["https:\/\/argentinaglobal.org.ar\/wp-content\/uploads\/2023\/01\/220804-1-48x48.jpeg",48,48,true],"logos":["https:\/\/argentinaglobal.org.ar\/wp-content\/uploads\/2023\/01\/220804-1-152x107.jpeg",152,107,true]},"rttpg_author":{"display_name":"dante","author_link":"https:\/\/argentinaglobal.org.ar\/eng\/author\/dante\/"},"rttpg_comment":0,"rttpg_category":"<a href=\"https:\/\/argentinaglobal.org.ar\/eng\/category\/argentina-global\/\" rel=\"category tag\">Argentina Global<\/a>","rttpg_excerpt":"4 de agosto de 2022 El 3 de agosto comenz\u00f3 la segunda edici\u00f3n de la Diplomatura en \u201cPol\u00edticas para el futuro sostenible del mar\u201d, coordinada y dictada por miembros de [&hellip;]","_links":{"self":[{"href":"https:\/\/argentinaglobal.org.ar\/eng\/wp-json\/wp\/v2\/posts\/2874","targetHints":{"allow":["GET"]}}],"collection":[{"href":"https:\/\/argentinaglobal.org.ar\/eng\/wp-json\/wp\/v2\/posts"}],"about":[{"href":"https:\/\/argentinaglobal.org.ar\/eng\/wp-json\/wp\/v2\/types\/post"}],"author":[{"embeddable":true,"href":"https:\/\/argentinaglobal.org.ar\/eng\/wp-json\/wp\/v2\/users\/3"}],"replies":[{"embeddable":true,"href":"https:\/\/argentinaglobal.org.ar\/eng\/wp-json\/wp\/v2\/comments?post=2874"}],"version-history":[{"count":1,"href":"https:\/\/argentinaglobal.org.ar\/eng\/wp-json\/wp\/v2\/posts\/2874\/revisions"}],"predecessor-version":[{"id":2877,"href":"https:\/\/argentinaglobal.org.ar\/eng\/wp-json\/wp\/v2\/posts\/2874\/revisions\/2877"}],"wp:featuredmedia":[{"embeddable":true,"href":"https:\/\/argentinaglobal.org.ar\/eng\/wp-json\/wp\/v2\/media\/2876"}],"wp:attachment":[{"href":"https:\/\/argentinaglobal.org.ar\/eng\/wp-json\/wp\/v2\/media?parent=2874"}],"wp:term":[{"taxonomy":"category","embeddable":true,"href":"https:\/\/argentinaglobal.org.ar\/eng\/wp-json\/wp\/v2\/categories?post=2874"},{"taxonomy":"post_tag","embeddable":true,"href":"https:\/\/argentinaglobal.org.ar\/eng\/wp-json\/wp\/v2\/tags?post=2874"}],"curies":[{"name":"wp","href":"https:\/\/api.w.org\/{rel}","templated":true}]}}