
{"id":2869,"date":"2022-09-15T21:53:53","date_gmt":"2022-09-16T00:53:53","guid":{"rendered":"http:\/\/argentinaglobal.org.ar\/?p=2869"},"modified":"2023-01-19T21:55:06","modified_gmt":"2023-01-20T00:55:06","slug":"de-ucrania-a-taiwan","status":"publish","type":"post","link":"https:\/\/argentinaglobal.org.ar\/eng\/de-ucrania-a-taiwan\/","title":{"rendered":"DE UCRANIA A TAIW\u00c1N"},"content":{"rendered":"<figure class=\"wp-block-image size-large is-resized\"><img fetchpriority=\"high\" decoding=\"async\" src=\"http:\/\/argentinaglobal.org.ar\/wp-content\/uploads\/2023\/01\/220803-1024x683.jpg\" alt=\"\" class=\"wp-image-2871\" width=\"512\" height=\"342\"\/><\/figure>\n\n\n\n<p><\/p>\n\n\n\n<p><\/p>\n\n\n\n<p>La llegada de Nancy Pelosi a la isla asi\u00e1tica fue interpretada como una abierta provocaci\u00f3n a Beijing. Sumada a la distinta postura sobre el conflicto b\u00e9lico en Europa, podr\u00eda generar un nuevo descenso en el v\u00ednculo entre las dos principales potencias del mundo actual.<\/p>\n\n\n\n<p><em>Por Mariano Caucino<\/em><\/p>\n\n\n\n<p>En una escalada en las tensiones entre los <strong>United States<\/strong> and <strong>China<\/strong>, en las \u00faltimas horas se produjo el arribo a<strong> Taiw\u00e1n <\/strong>de la Speaker de la C\u00e1mara de Representantes, <strong>Nancy Pelosi<\/strong>.<\/p>\n\n\n\n<p>La llegada de la segunda persona en la l\u00ednea sucesoria del poder norteamericano en la isla fue interpretada como una abierta provocaci\u00f3n a Beijing y un hecho que podr\u00eda provocar un nuevo descenso en el v\u00ednculo entre las dos principales potencias del mundo actual.<\/p>\n\n\n\n<p>En un comunicado emitido apenas despu\u00e9s de la llegada de Pelosi, el Ministerio de Relaciones Exteriores chino calific\u00f3 la visita como una \u201cseria violaci\u00f3n al principio de una sola China\u201d. Y advirti\u00f3 sobre \u201cun severo impacto en los fundamentos de las relaciones entre China y los EEUU, al tiempo que infringen un da\u00f1o a la soberan\u00eda y la integridad territorial china\u201d. <strong>La comunicaci\u00f3n indic\u00f3 que la visita de Pelosi deteriora la paz y la estabilidad en el Estrecho de Taiw\u00e1n y muestra a Washington en un \u201csendero peligroso\u201d.<\/strong><\/p>\n\n\n\n<p>Pero los hechos tienen lugar en un momento singular, mientras persiste el <strong>interminable conflicto ucraniano<\/strong>. Un enfrentamiento que ha puesto virtualmente en guerra a los EEUU con Rusia, como consecuencia de la invasi\u00f3n que Mosc\u00fa hizo al territorio soberano de Ucrania el 24 de febrero pasado. Acaso el corolario de una relaci\u00f3n que se ha venido deteriorando gravemente en las \u00faltimas dos d\u00e9cadas. En especial a partir de la interpretaci\u00f3n contraria que Washington y Mosc\u00fa tienen respecto de <strong>la expansi\u00f3n de la OTAN<\/strong>.<\/p>\n\n\n\n<p>La doble crisis que coloca a Washington frente a Beijing y Mosc\u00fa parece ser el marco en el que se desenvuelve la compleja relaci\u00f3n triangular entre los principales actores del escenario global: por tercera vez en los \u00faltimos veinte a\u00f1os, un Presidente norteamericano se encuentra en el doble desaf\u00edo de enfrentar simult\u00e1neamente a China y Rusia.<\/p>\n\n\n\n<p>Al llegar a Taipei, Pelosi protagoniza la visita del funcionario norteamericano de m\u00e1s alto rango en el \u00faltimo cuarto de siglo. Una realidad que naturalmente enfureci\u00f3 a los jerarcas del Politbur\u00f3, en momentos en que Xi Jinping se encamina a celebrar un congreso partidario clave con la meta de alcanzar un tercer mandato sin precedentes como jefe simult\u00e1neo del PCCH, del Estado y de las Fuerzas Armadas.<\/p>\n\n\n\n<p>Al extremo que, durante una comunicaci\u00f3n telef\u00f3nica entre Xi y Biden, el d\u00eda 28 de julio, el l\u00edder chino advirti\u00f3 que <strong>\u201cquien juega con fuego puede quemarse\u201d<\/strong>. Dos d\u00edas m\u00e1s tarde, un alto funcionario chino incluso sostuvo que podr\u00edan llegar al extremo de \u201cderribar\u201d el avi\u00f3n que traslad\u00f3 a la funcionaria norteamericana.<\/p>\n\n\n\n<p>En tanto, el gobierno de Taiw\u00e1n denunci\u00f3 una serie de ciberataques contra la isla. Al tiempo que los mercados financieros asi\u00e1ticos sufrieron ca\u00eddas ante la posibilidad de un eventual empeoramiento de la situaci\u00f3n geopol\u00edtica. A su vez, de acuerdo a los reportes de la televisi\u00f3n taiwanesa, horas antes de la llegada de Pelosi a la isla, un grupo de aviones caza de las Fuerzas Armadas chinas (PLA, por sus siglas en ingl\u00e9s) sobrevolaron el Estrecho de Taiw\u00e1n y las inmediaciones de la isla aunque las posibilidades de una invasi\u00f3n fueron descartadas.<\/p>\n\n\n\n<p>Buscando bajar el tono de la visita, un vocero de la Casa Blanca asegur\u00f3 que solo se trataba de una visita de miembros del Poder Legislativo. Un argumento que fue descartado horas m\u00e1s tarde por la vocera de la Canciller\u00eda china, Hua Chunying, quien rechazando la supuesta independencia de las autoridades del Congreso record\u00f3 que la Speaker de la c\u00e1mara baja es la tercera persona en el ranking del poder en los EEUU y remarc\u00f3 el hecho de que ella y su comitiva se desplazaron en un avi\u00f3n militar norteamericano.<\/p>\n\n\n\n<p>No obstante la postura de Beijing, lo cierto es que el viaje de Pelosi aliment\u00f3 un debate sobre las implicancias del desplazamiento. En una columna en el <em>New York Times<\/em>, Thomas Friedman calific\u00f3 la visita como \u201ctemeraria e irresponsable\u201d. Friedman record\u00f3 que el propio Biden intent\u00f3 disuadir a Pelosi para que desistiera de una visita de la que \u201cnada positivo podr\u00e1 resultar\u201d. De acuerdo con el <em>Financial Times<\/em>, esa postura habr\u00eda sido adoptada por el asesor de Seguridad Nacional, Jake Sullivan, y otros miembros del gobierno norteamericano quienes habr\u00edan intentado evitar la visita.<\/p>\n\n\n\n<p>El desarrollo de los \u00faltimos acontecimientos parecen confirmar la tendencia hist\u00f3rica de nuestros tiempos. La que presenta un complejo tr\u00e1nsito de poder entre las grandes potencias, en un marco de acelerada transformaci\u00f3n de la realidad de los hechos. Acaso derivados de algunos datos estructurales, entre los que el ascenso de Beijing como superpotencia econ\u00f3mica a partir de las reformas de mercado impulsadas por Deng Xiaoping despu\u00e9s de la muerte de Mao es el hecho fundamental. La segunda parece ser el resultado de la muy mala relaci\u00f3n que Washington y Mosc\u00fa han venido desarrollando a partir de una interpretaci\u00f3n contrapuesta sobre el fin de la Guerra Fr\u00eda.<\/p>\n\n\n\n<p>Aunque con formas y capacidades muy diferentes, <strong>tanto Rusia como China rechazan el orden global basado en el liderazgo occidental construido a partir de 1945.<\/strong> Y en especial, objetan la pretensi\u00f3n norteamericana de establecer una Pax Americana a partir del fin del orden bipolar.<\/p>\n\n\n\n<p>Al punto que a veces resulta sorprendente visualizar en qu\u00e9 medida el mundo ha cambiado tanto en estos \u00faltimos treinta a\u00f1os. Habiendo quedado atr\u00e1s el mundo id\u00edlico imaginado en 1989\/1991 cuando tras el colapso de la Uni\u00f3n Sovi\u00e9tica, ning\u00fan pa\u00eds estaba en condiciones de rivalizar con el liderazgo militar, econ\u00f3mico y cultural de los Estados Unidos. Entonces, una \u201cnueva Roma\u201d hab\u00eda emergido entre las cenizas de la Guerra Fr\u00eda. Desde Roma, ninguna otra naci\u00f3n se hab\u00eda elevado tanto frente a las otras. Al punto que el antiguo canciller franc\u00e9s Hubert Vedrine describir\u00eda en 1999 que los EEUU se hab\u00edan expandido en su poder a tal extremo que hab\u00edan excedido el estatus de superpotencia para convertirse en una suerte de \u201chiperpotencia\u201d.<\/p>\n\n\n\n<p>Pero, \u00bfqu\u00e9 sucedi\u00f3 entonces? En la c\u00faspide de su poder, con una abrumadora superioridad militar, Washington pudo haber tenido la oportunidad irrepetible de reconfigurar un nuevo orden mundial bajo el liderazgo indiscutido de los EEUU. Embriagados de optimismo, algunos aventuraron que la Historia hab\u00eda llegado a su fin. Rusia hab\u00eda perdido su imperio, China todav\u00eda no hab\u00eda perdido su estatus de potencia disminuida y Occidente crey\u00f3 que hab\u00eda perdido a sus enemigos. Pero el 11 de septiembre, la crisis financiera de 2008\/9 y el ascenso de China demostrar\u00edan que nada dura para siempre.<\/p>\n\n\n\n<p>El momento unipolar se agotar\u00eda en poco m\u00e1s de una d\u00e9cada. Hasta llegar a nuestros d\u00edas, cuando el que sigue siendo el pa\u00eds m\u00e1s poderoso de la Tierra debe enfrentar simult\u00e1neamente las ambiciones e insatisfacciones de las otras dos potencias con las que comparte el podio del espect\u00e1culo del mundo.<\/p>\n\n\n\n<p>De Ucrania a Taiw\u00e1n, los intereses de los EEUU y de Occidente en general parecen en entredicho frente a la actitud revisionista de sus contrincantes. En momentos en que tras casi seis meses de guerra el resultado en Ucrania parece no estar claro. Sin que pueda establecerse qui\u00e9n est\u00e1 ganando y qui\u00e9n est\u00e1 perdiendo una guerra ante la que como indic\u00f3 un observador, \u201cUcrania puede terminar qued\u00e1ndose con la raz\u00f3n, pero Rusia con el Domb\u00e1s\u201d.<\/p>\n\n\n\n<p>Al tiempo que una escalada en las tensiones con China a partir de la situaci\u00f3n de Taiw\u00e1n puede implicar potencialmente la profundizaci\u00f3n de un conflicto infinitamente m\u00e1s complicado. Sobre todo si se tienen en cuenta las propias palabras del propio Secretario de Estado, <strong>Antony Blinken<\/strong>, el pasado 26 de mayo, cuando explic\u00f3 que a diferencia de Rusia, <strong>China es el \u00fanico pa\u00eds del mundo que puede reunir potencialmente tanto la intenci\u00f3n como la capacidad para alterar el orden internacional nacido hace 75 a\u00f1os al finalizar la Segunda Guerra Mundial.<\/strong><\/p>\n\n\n\n<p><em>*Este art\u00edculo fue publicado por Infobae el d\u00eda 3 de agosto de 2022.<\/em><\/p>","protected":false},"excerpt":{"rendered":"<p>La llegada de Nancy Pelosi a la isla asi\u00e1tica fue interpretada como una abierta provocaci\u00f3n a Beijing. Sumada a la distinta postura sobre el conflicto b\u00e9lico en Europa, podr\u00eda generar [&hellip;]<\/p>","protected":false},"author":3,"featured_media":2872,"comment_status":"closed","ping_status":"closed","sticky":false,"template":"","format":"standard","meta":{"footnotes":""},"categories":[41],"tags":[],"class_list":["post-2869","post","type-post","status-publish","format-standard","has-post-thumbnail","hentry","category-argentina-global"],"yoast_head":"<!-- This site is optimized with the Yoast SEO plugin v21.6 - https:\/\/yoast.com\/wordpress\/plugins\/seo\/ -->\n<title>DE UCRANIA A TAIW\u00c1N - Argentina Global<\/title>\n<meta name=\"description\" content=\"La llegada de Nancy Pelosi a la isla asi\u00e1tica fue interpretada como una abierta provocaci\u00f3n a Beijing.\" \/>\n<meta name=\"robots\" content=\"index, follow, max-snippet:-1, max-image-preview:large, max-video-preview:-1\" \/>\n<link rel=\"canonical\" href=\"http:\/\/argentinaglobal.org.ar\/eng\/de-ucrania-a-taiwan\/\" \/>\n<meta property=\"og:locale\" content=\"en_US\" \/>\n<meta property=\"og:type\" content=\"article\" \/>\n<meta property=\"og:title\" content=\"DE UCRANIA A TAIW\u00c1N - Argentina Global\" \/>\n<meta property=\"og:description\" content=\"La llegada de Nancy Pelosi a la isla asi\u00e1tica fue interpretada como una abierta provocaci\u00f3n a Beijing.\" \/>\n<meta property=\"og:url\" content=\"http:\/\/argentinaglobal.org.ar\/eng\/de-ucrania-a-taiwan\/\" \/>\n<meta property=\"og:site_name\" content=\"Argentina Global\" \/>\n<meta property=\"article:published_time\" content=\"2022-09-16T00:53:53+00:00\" \/>\n<meta property=\"article:modified_time\" content=\"2023-01-20T00:55:06+00:00\" \/>\n<meta property=\"og:image\" content=\"https:\/\/argentinaglobal.org.ar\/wp-content\/uploads\/2023\/01\/220803-1-scaled.jpg\" \/>\n\t<meta property=\"og:image:width\" content=\"2560\" \/>\n\t<meta property=\"og:image:height\" content=\"1707\" \/>\n\t<meta property=\"og:image:type\" content=\"image\/jpeg\" \/>\n<meta name=\"author\" content=\"dante\" \/>\n<meta name=\"twitter:card\" content=\"summary_large_image\" \/>\n<meta name=\"twitter:label1\" content=\"Written by\" \/>\n\t<meta name=\"twitter:data1\" content=\"dante\" \/>\n\t<meta name=\"twitter:label2\" content=\"Est. reading time\" \/>\n\t<meta name=\"twitter:data2\" content=\"7 minutes\" \/>\n<script type=\"application\/ld+json\" class=\"yoast-schema-graph\">{\"@context\":\"https:\/\/schema.org\",\"@graph\":[{\"@type\":\"WebPage\",\"@id\":\"http:\/\/argentinaglobal.org.ar\/eng\/de-ucrania-a-taiwan\/\",\"url\":\"http:\/\/argentinaglobal.org.ar\/eng\/de-ucrania-a-taiwan\/\",\"name\":\"DE UCRANIA A TAIW\u00c1N - Argentina Global\",\"isPartOf\":{\"@id\":\"https:\/\/argentinaglobal.org.ar\/#website\"},\"datePublished\":\"2022-09-16T00:53:53+00:00\",\"dateModified\":\"2023-01-20T00:55:06+00:00\",\"author\":{\"@id\":\"https:\/\/argentinaglobal.org.ar\/#\/schema\/person\/0d43c58a3966908a961d439afd8e378b\"},\"description\":\"La llegada de Nancy Pelosi a la isla asi\u00e1tica fue interpretada como una abierta provocaci\u00f3n a Beijing.\",\"breadcrumb\":{\"@id\":\"http:\/\/argentinaglobal.org.ar\/eng\/de-ucrania-a-taiwan\/#breadcrumb\"},\"inLanguage\":\"en-US\",\"potentialAction\":[{\"@type\":\"ReadAction\",\"target\":[\"http:\/\/argentinaglobal.org.ar\/eng\/de-ucrania-a-taiwan\/\"]}]},{\"@type\":\"BreadcrumbList\",\"@id\":\"http:\/\/argentinaglobal.org.ar\/eng\/de-ucrania-a-taiwan\/#breadcrumb\",\"itemListElement\":[{\"@type\":\"ListItem\",\"position\":1,\"name\":\"Inicio\",\"item\":\"https:\/\/argentinaglobal.org.ar\/\"},{\"@type\":\"ListItem\",\"position\":2,\"name\":\"DE UCRANIA A TAIW\u00c1N\"}]},{\"@type\":\"WebSite\",\"@id\":\"https:\/\/argentinaglobal.org.ar\/#website\",\"url\":\"https:\/\/argentinaglobal.org.ar\/\",\"name\":\"Argentina Global\",\"description\":\"\",\"potentialAction\":[{\"@type\":\"SearchAction\",\"target\":{\"@type\":\"EntryPoint\",\"urlTemplate\":\"https:\/\/argentinaglobal.org.ar\/?s={search_term_string}\"},\"query-input\":\"required name=search_term_string\"}],\"inLanguage\":\"en-US\"},{\"@type\":\"Person\",\"@id\":\"https:\/\/argentinaglobal.org.ar\/#\/schema\/person\/0d43c58a3966908a961d439afd8e378b\",\"name\":\"dante\",\"image\":{\"@type\":\"ImageObject\",\"inLanguage\":\"en-US\",\"@id\":\"https:\/\/argentinaglobal.org.ar\/#\/schema\/person\/image\/\",\"url\":\"https:\/\/secure.gravatar.com\/avatar\/bd125801888c3f0ddc1ef50ce1b2af6c28827667548e57677e12d01246a200d0?s=96&d=mm&r=g\",\"contentUrl\":\"https:\/\/secure.gravatar.com\/avatar\/bd125801888c3f0ddc1ef50ce1b2af6c28827667548e57677e12d01246a200d0?s=96&d=mm&r=g\",\"caption\":\"dante\"},\"url\":\"https:\/\/argentinaglobal.org.ar\/eng\/author\/dante\/\"}]}<\/script>\n<!-- \/ Yoast SEO plugin. -->","yoast_head_json":{"title":"DE UCRANIA A TAIW\u00c1N - Argentina Global","description":"La llegada de Nancy Pelosi a la isla asi\u00e1tica fue interpretada como una abierta provocaci\u00f3n a Beijing.","robots":{"index":"index","follow":"follow","max-snippet":"max-snippet:-1","max-image-preview":"max-image-preview:large","max-video-preview":"max-video-preview:-1"},"canonical":"http:\/\/argentinaglobal.org.ar\/eng\/de-ucrania-a-taiwan\/","og_locale":"en_US","og_type":"article","og_title":"DE UCRANIA A TAIW\u00c1N - Argentina Global","og_description":"La llegada de Nancy Pelosi a la isla asi\u00e1tica fue interpretada como una abierta provocaci\u00f3n a Beijing.","og_url":"http:\/\/argentinaglobal.org.ar\/eng\/de-ucrania-a-taiwan\/","og_site_name":"Argentina Global","article_published_time":"2022-09-16T00:53:53+00:00","article_modified_time":"2023-01-20T00:55:06+00:00","og_image":[{"width":2560,"height":1707,"url":"https:\/\/argentinaglobal.org.ar\/wp-content\/uploads\/2023\/01\/220803-1-scaled.jpg","type":"image\/jpeg"}],"author":"dante","twitter_card":"summary_large_image","twitter_misc":{"Written by":"dante","Est. reading time":"7 minutes"},"schema":{"@context":"https:\/\/schema.org","@graph":[{"@type":"WebPage","@id":"http:\/\/argentinaglobal.org.ar\/eng\/de-ucrania-a-taiwan\/","url":"http:\/\/argentinaglobal.org.ar\/eng\/de-ucrania-a-taiwan\/","name":"DE UCRANIA A TAIW\u00c1N - Argentina Global","isPartOf":{"@id":"https:\/\/argentinaglobal.org.ar\/#website"},"datePublished":"2022-09-16T00:53:53+00:00","dateModified":"2023-01-20T00:55:06+00:00","author":{"@id":"https:\/\/argentinaglobal.org.ar\/#\/schema\/person\/0d43c58a3966908a961d439afd8e378b"},"description":"La llegada de Nancy Pelosi a la isla asi\u00e1tica fue interpretada como una abierta provocaci\u00f3n a Beijing.","breadcrumb":{"@id":"http:\/\/argentinaglobal.org.ar\/eng\/de-ucrania-a-taiwan\/#breadcrumb"},"inLanguage":"en-US","potentialAction":[{"@type":"ReadAction","target":["http:\/\/argentinaglobal.org.ar\/eng\/de-ucrania-a-taiwan\/"]}]},{"@type":"BreadcrumbList","@id":"http:\/\/argentinaglobal.org.ar\/eng\/de-ucrania-a-taiwan\/#breadcrumb","itemListElement":[{"@type":"ListItem","position":1,"name":"Inicio","item":"https:\/\/argentinaglobal.org.ar\/"},{"@type":"ListItem","position":2,"name":"DE UCRANIA A TAIW\u00c1N"}]},{"@type":"WebSite","@id":"https:\/\/argentinaglobal.org.ar\/#website","url":"https:\/\/argentinaglobal.org.ar\/","name":"Argentina Global","description":"","potentialAction":[{"@type":"SearchAction","target":{"@type":"EntryPoint","urlTemplate":"https:\/\/argentinaglobal.org.ar\/?s={search_term_string}"},"query-input":"required name=search_term_string"}],"inLanguage":"en-US"},{"@type":"Person","@id":"https:\/\/argentinaglobal.org.ar\/#\/schema\/person\/0d43c58a3966908a961d439afd8e378b","name":"dante","image":{"@type":"ImageObject","inLanguage":"en-US","@id":"https:\/\/argentinaglobal.org.ar\/#\/schema\/person\/image\/","url":"https:\/\/secure.gravatar.com\/avatar\/bd125801888c3f0ddc1ef50ce1b2af6c28827667548e57677e12d01246a200d0?s=96&d=mm&r=g","contentUrl":"https:\/\/secure.gravatar.com\/avatar\/bd125801888c3f0ddc1ef50ce1b2af6c28827667548e57677e12d01246a200d0?s=96&d=mm&r=g","caption":"dante"},"url":"https:\/\/argentinaglobal.org.ar\/eng\/author\/dante\/"}]}},"rttpg_featured_image_url":{"full":["https:\/\/argentinaglobal.org.ar\/wp-content\/uploads\/2023\/01\/220803-1-scaled.jpg",2560,1707,false],"landscape":["https:\/\/argentinaglobal.org.ar\/wp-content\/uploads\/2023\/01\/220803-1-scaled.jpg",2560,1707,false],"portraits":["https:\/\/argentinaglobal.org.ar\/wp-content\/uploads\/2023\/01\/220803-1-scaled.jpg",2560,1707,false],"thumbnail":["https:\/\/argentinaglobal.org.ar\/wp-content\/uploads\/2023\/01\/220803-1-150x150.jpg",150,150,true],"medium":["https:\/\/argentinaglobal.org.ar\/wp-content\/uploads\/2023\/01\/220803-1-300x200.jpg",300,200,true],"large":["https:\/\/argentinaglobal.org.ar\/wp-content\/uploads\/2023\/01\/220803-1-1024x683.jpg",960,640,true],"recent-work-widget":["https:\/\/argentinaglobal.org.ar\/wp-content\/uploads\/2023\/01\/220803-1-125x125.jpg",125,125,true],"1536x1536":["https:\/\/argentinaglobal.org.ar\/wp-content\/uploads\/2023\/01\/220803-1-1536x1024.jpg",1536,1024,true],"2048x2048":["https:\/\/argentinaglobal.org.ar\/wp-content\/uploads\/2023\/01\/220803-1-2048x1365.jpg",2048,1365,true],"trp-custom-language-flag":["https:\/\/argentinaglobal.org.ar\/wp-content\/uploads\/2023\/01\/220803-1-18x12.jpg",18,12,true],"portfolio-2":["https:\/\/argentinaglobal.org.ar\/wp-content\/uploads\/2023\/01\/220803-1-540x310.jpg",540,310,true],"portfolio-3":["https:\/\/argentinaglobal.org.ar\/wp-content\/uploads\/2023\/01\/220803-1-401x250.jpg",401,250,true],"portfolio-4":["https:\/\/argentinaglobal.org.ar\/wp-content\/uploads\/2023\/01\/220803-1-401x250.jpg",401,250,true],"blog-post":["https:\/\/argentinaglobal.org.ar\/wp-content\/uploads\/2023\/01\/220803-1-800x400.jpg",800,400,true],"blog-gallery":["https:\/\/argentinaglobal.org.ar\/wp-content\/uploads\/2023\/01\/220803-1-800x400.jpg",800,400,true],"blog-grid-post":["https:\/\/argentinaglobal.org.ar\/wp-content\/uploads\/2023\/01\/220803-1-540x335.jpg",540,335,true],"blog-fullwidth-post":["https:\/\/argentinaglobal.org.ar\/wp-content\/uploads\/2023\/01\/220803-1-1100x500.jpg",1100,500,true],"recent-post":["https:\/\/argentinaglobal.org.ar\/wp-content\/uploads\/2023\/01\/220803-1-514x342.jpg",514,342,true],"recent-post-tiny":["https:\/\/argentinaglobal.org.ar\/wp-content\/uploads\/2023\/01\/220803-1-75x75.jpg",75,75,true],"testimonial":["https:\/\/argentinaglobal.org.ar\/wp-content\/uploads\/2023\/01\/220803-1-48x48.jpg",48,48,true],"logos":["https:\/\/argentinaglobal.org.ar\/wp-content\/uploads\/2023\/01\/220803-1-152x107.jpg",152,107,true]},"rttpg_author":{"display_name":"dante","author_link":"https:\/\/argentinaglobal.org.ar\/eng\/author\/dante\/"},"rttpg_comment":0,"rttpg_category":"<a href=\"https:\/\/argentinaglobal.org.ar\/eng\/category\/argentina-global\/\" rel=\"category tag\">Argentina Global<\/a>","rttpg_excerpt":"La llegada de Nancy Pelosi a la isla asi\u00e1tica fue interpretada como una abierta provocaci\u00f3n a Beijing. Sumada a la distinta postura sobre el conflicto b\u00e9lico en Europa, podr\u00eda generar [&hellip;]","_links":{"self":[{"href":"https:\/\/argentinaglobal.org.ar\/eng\/wp-json\/wp\/v2\/posts\/2869","targetHints":{"allow":["GET"]}}],"collection":[{"href":"https:\/\/argentinaglobal.org.ar\/eng\/wp-json\/wp\/v2\/posts"}],"about":[{"href":"https:\/\/argentinaglobal.org.ar\/eng\/wp-json\/wp\/v2\/types\/post"}],"author":[{"embeddable":true,"href":"https:\/\/argentinaglobal.org.ar\/eng\/wp-json\/wp\/v2\/users\/3"}],"replies":[{"embeddable":true,"href":"https:\/\/argentinaglobal.org.ar\/eng\/wp-json\/wp\/v2\/comments?post=2869"}],"version-history":[{"count":1,"href":"https:\/\/argentinaglobal.org.ar\/eng\/wp-json\/wp\/v2\/posts\/2869\/revisions"}],"predecessor-version":[{"id":2873,"href":"https:\/\/argentinaglobal.org.ar\/eng\/wp-json\/wp\/v2\/posts\/2869\/revisions\/2873"}],"wp:featuredmedia":[{"embeddable":true,"href":"https:\/\/argentinaglobal.org.ar\/eng\/wp-json\/wp\/v2\/media\/2872"}],"wp:attachment":[{"href":"https:\/\/argentinaglobal.org.ar\/eng\/wp-json\/wp\/v2\/media?parent=2869"}],"wp:term":[{"taxonomy":"category","embeddable":true,"href":"https:\/\/argentinaglobal.org.ar\/eng\/wp-json\/wp\/v2\/categories?post=2869"},{"taxonomy":"post_tag","embeddable":true,"href":"https:\/\/argentinaglobal.org.ar\/eng\/wp-json\/wp\/v2\/tags?post=2869"}],"curies":[{"name":"wp","href":"https:\/\/api.w.org\/{rel}","templated":true}]}}