
{"id":2834,"date":"2022-09-15T21:38:06","date_gmt":"2022-09-16T00:38:06","guid":{"rendered":"http:\/\/argentinaglobal.org.ar\/?p=2834"},"modified":"2023-01-19T21:39:21","modified_gmt":"2023-01-20T00:39:21","slug":"la-crisis-de-precios-reabre-las-diferencias-en-el-mercosur","status":"publish","type":"post","link":"https:\/\/argentinaglobal.org.ar\/eng\/la-crisis-de-precios-reabre-las-diferencias-en-el-mercosur\/","title":{"rendered":"LA CRISIS DE PRECIOS REABRE LAS DIFERENCIAS EN EL MERCOSUR"},"content":{"rendered":"<figure class=\"wp-block-image size-large is-resized\"><img fetchpriority=\"high\" decoding=\"async\" src=\"http:\/\/argentinaglobal.org.ar\/wp-content\/uploads\/2023\/01\/220620-1024x683.jpg\" alt=\"\" class=\"wp-image-2835\" width=\"512\" height=\"342\"\/><\/figure>\n\n\n\n<p><\/p>\n\n\n\n<p>Brasil y Uruguay bajaron al\u00edcuotas de sus derechos de importaci\u00f3n que alteran el Arancel Externo Com\u00fan y perjudicar\u00e1 a los exportadores argentinos.<\/p>\n\n\n\n<p><em>Por Marisa Bircher<\/em><\/p>\n\n\n\n<p>El complejo escenario a nivel internacional a partir del aumento de los precios internacionales de los alimentos y combustibles, como consecuencia del conflicto entre Rusia y Ucrania, no ha hecho m\u00e1s que profundizar las <strong>diferencias entre los socios del Mercosur<\/strong> y la adopci\u00f3n de <strong>medidas unilaterales<\/strong> por parte de sus socios en detrimento de la integraci\u00f3n del bloque.<\/p>\n\n\n\n<p>En los \u00faltimos d\u00edas, tanto Brasil como Uruguay se sumaron a un <strong>grupo amplio de pa\u00edses a nivel internacional que han decidido bajar aranceles de importaci\u00f3n<\/strong> como herramienta para beneficiar tanto a la poblaci\u00f3n como a sus empresas frente al aumento del costo de vida en sus naciones y el de las empresas que necesitan insumos importados.<\/p>\n\n\n\n<p><strong>Brasil<\/strong> anunci\u00f3 en el mes de mayo dos medidas de <strong>reducci\u00f3n de aranceles extrazona que regir\u00e1n hasta fin de a\u00f1o<\/strong>. Primero elimin\u00f3 sus aranceles a las importaciones de <strong>carne vacuna y pollo, ma\u00edz, trigo, harina de trigo, productos de panader\u00eda<\/strong> y fuertes rebajas para varillas de acero y otros <strong>insumos de la industria agropecuaria, como fertilizantes y fungicidas.<\/strong><\/p>\n\n\n\n<p>Luego dio a conocer la implementaci\u00f3n, a partir de junio, de una <strong>reducci\u00f3n del 10% sobre los aranceles de importaci\u00f3n de m\u00e1s de 6.000 productos. <\/strong>La medida alcanza, entre otros, a <strong>porotos, carnes, pastas, arroz<\/strong> y productos de la construcci\u00f3n. Esta baja se suma a la reducci\u00f3n del 10% aplicaba tambi\u00e9n unilateralmente por parte de Brasil, en noviembre de 2021, ante el fracaso de los trabajos que se ven\u00edan desarrollando a nivel Mercosur para realizar una rebaja de esta naturaleza en forma coordinada.<\/p>\n\n\n\n<p>Por su parte, <strong>Uruguay<\/strong> anunci\u00f3 d\u00edas atr\u00e1s y en el marco de su plan de mitigaci\u00f3n de impacto del aumento de los precios internacionales, la eliminaci\u00f3n del arancel de importaci\u00f3n extrazona para la<strong> harina de trigo<\/strong> y los <strong>aceites refinados de soja y girasol<\/strong>.<\/p>\n\n\n\n<p><strong>Qu\u00e9 rol cumple el Arancel Externo Com\u00fan (AEC)<\/strong><\/p>\n\n\n\n<p>Estas medidas anunciadas por Brasil y Uruguay afectan el coraz\u00f3n de una de las principales herramientas de pol\u00edtica com\u00fan del Mercosur: el Arancel Externo Com\u00fan (AEC). El AEC ha permitido tener <strong>una pol\u00edtica arancelaria coordinada frente a terceros pa\u00edses<\/strong> y ha beneficiado el comercio intra regional, dado que <strong>otorga una ventaja a los productores de la regi\u00f3n frente a las importaciones que llegan desde fuera del bloque.<\/strong><\/p>\n\n\n\n<p>M\u00e1s all\u00e1 de la consistencia legal o no de este tipo de medidas, <strong>el impacto seguro lo sentir\u00e1n directamente los exportadores argentinos<\/strong>, dado que perder\u00e1n una importante ventaja frente a competidores externos.<\/p>\n\n\n\n<p>Debemos tener en cuenta que Brasil representa el 15% de nuestras exportaciones totales y entre los productos m\u00e1s exportados se encuentran productos industriales, aquellos de la industria alimenticia y productos regionales que muchas veces se enfrentan a grandes desaf\u00edos para exportar a otros mercados. Espec\u00edficamente, podemos nombrar a la industria de autom\u00f3viles y veh\u00edculos de transporte; <strong>malta, hortalizas preparadas\/conservadas, cebada, l\u00e1cteos, ajos<\/strong>, etc\u00e9tera.<\/p>\n\n\n\n<p>Este es el caso tambi\u00e9n de la <strong>harina de trigo<\/strong>, que encuentra en el mercado brasile\u00f1o su principal mercado de exportaci\u00f3n y <strong>el AEC le brindaba hasta ahora un beneficio adicional <\/strong>en relaci\u00f3n a otros competidores por fuera del bloque.<\/p>\n\n\n\n<p>Lamentablemente, estos conflictos son consecuencia de la <strong>falta de sinton\u00eda pol\u00edtica entre los l\u00edderes del bloque<\/strong> and the <strong>escasa coordinaci\u00f3n negociadora<\/strong> en vistas de buscar respuestas consensuadas ante los desaf\u00edos a enfrentar.<\/p>\n\n\n\n<p>Las consecuencias son graves, y m\u00e1s all\u00e1 de los n\u00fameros que hemos visto m\u00e1s arriba, lo que se debilita es un proceso de integraci\u00f3n hist\u00f3rico con la regi\u00f3n, el desarrollo de la capacidad productiva a nivel regional y <strong>nuestro posicionamiento externo frente al mundo.<\/strong><\/p>\n\n\n\n<p><em>*Este art\u00edculo fue publicado en Clar\u00edn el d\u00eda 20 de junio de 2022.<\/em><\/p>","protected":false},"excerpt":{"rendered":"<p>Brasil y Uruguay bajaron al\u00edcuotas de sus derechos de importaci\u00f3n que alteran el Arancel Externo Com\u00fan y perjudicar\u00e1 a los exportadores argentinos. Por Marisa Bircher El complejo escenario a nivel [&hellip;]<\/p>","protected":false},"author":3,"featured_media":2836,"comment_status":"closed","ping_status":"closed","sticky":false,"template":"","format":"standard","meta":{"footnotes":""},"categories":[41],"tags":[],"class_list":["post-2834","post","type-post","status-publish","format-standard","has-post-thumbnail","hentry","category-argentina-global"],"yoast_head":"<!-- This site is optimized with the Yoast SEO plugin v21.6 - https:\/\/yoast.com\/wordpress\/plugins\/seo\/ -->\n<title>LA CRISIS DE PRECIOS REABRE LAS DIFERENCIAS EN EL MERCOSUR - Argentina Global<\/title>\n<meta name=\"description\" content=\"Brasil y Uruguay bajaron al\u00edcuotas de sus derechos de importaci\u00f3n que alteran el Arancel Externo Com\u00fan y perjudicar\u00e1 a los exportadores argentinos.\" \/>\n<meta name=\"robots\" content=\"index, follow, max-snippet:-1, max-image-preview:large, max-video-preview:-1\" \/>\n<link rel=\"canonical\" href=\"https:\/\/argentinaglobal.org.ar\/eng\/la-crisis-de-precios-reabre-las-diferencias-en-el-mercosur\/\" \/>\n<meta property=\"og:locale\" content=\"en_US\" \/>\n<meta property=\"og:type\" content=\"article\" \/>\n<meta property=\"og:title\" content=\"LA CRISIS DE PRECIOS REABRE LAS DIFERENCIAS EN EL MERCOSUR - Argentina Global\" \/>\n<meta property=\"og:description\" content=\"Brasil y Uruguay bajaron al\u00edcuotas de sus derechos de importaci\u00f3n que alteran el Arancel Externo Com\u00fan y perjudicar\u00e1 a los exportadores argentinos.\" \/>\n<meta property=\"og:url\" content=\"https:\/\/argentinaglobal.org.ar\/eng\/la-crisis-de-precios-reabre-las-diferencias-en-el-mercosur\/\" \/>\n<meta property=\"og:site_name\" content=\"Argentina Global\" \/>\n<meta property=\"article:published_time\" content=\"2022-09-16T00:38:06+00:00\" \/>\n<meta property=\"article:modified_time\" content=\"2023-01-20T00:39:21+00:00\" \/>\n<meta property=\"og:image\" content=\"https:\/\/argentinaglobal.org.ar\/wp-content\/uploads\/2023\/01\/220620-1-scaled.jpg\" \/>\n\t<meta property=\"og:image:width\" content=\"2560\" \/>\n\t<meta property=\"og:image:height\" content=\"1707\" \/>\n\t<meta property=\"og:image:type\" content=\"image\/jpeg\" \/>\n<meta name=\"author\" content=\"dante\" \/>\n<meta name=\"twitter:card\" content=\"summary_large_image\" \/>\n<meta name=\"twitter:label1\" content=\"Written by\" \/>\n\t<meta name=\"twitter:data1\" content=\"dante\" \/>\n\t<meta name=\"twitter:label2\" content=\"Est. reading time\" \/>\n\t<meta name=\"twitter:data2\" content=\"4 minutes\" \/>\n<script type=\"application\/ld+json\" class=\"yoast-schema-graph\">{\"@context\":\"https:\/\/schema.org\",\"@graph\":[{\"@type\":\"WebPage\",\"@id\":\"https:\/\/argentinaglobal.org.ar\/la-crisis-de-precios-reabre-las-diferencias-en-el-mercosur\/\",\"url\":\"https:\/\/argentinaglobal.org.ar\/la-crisis-de-precios-reabre-las-diferencias-en-el-mercosur\/\",\"name\":\"LA CRISIS DE PRECIOS REABRE LAS DIFERENCIAS EN EL MERCOSUR - Argentina Global\",\"isPartOf\":{\"@id\":\"https:\/\/argentinaglobal.org.ar\/#website\"},\"datePublished\":\"2022-09-16T00:38:06+00:00\",\"dateModified\":\"2023-01-20T00:39:21+00:00\",\"author\":{\"@id\":\"https:\/\/argentinaglobal.org.ar\/#\/schema\/person\/0d43c58a3966908a961d439afd8e378b\"},\"description\":\"Brasil y Uruguay bajaron al\u00edcuotas de sus derechos de importaci\u00f3n que alteran el Arancel Externo Com\u00fan y perjudicar\u00e1 a los exportadores argentinos.\",\"breadcrumb\":{\"@id\":\"https:\/\/argentinaglobal.org.ar\/la-crisis-de-precios-reabre-las-diferencias-en-el-mercosur\/#breadcrumb\"},\"inLanguage\":\"en-US\",\"potentialAction\":[{\"@type\":\"ReadAction\",\"target\":[\"https:\/\/argentinaglobal.org.ar\/la-crisis-de-precios-reabre-las-diferencias-en-el-mercosur\/\"]}]},{\"@type\":\"BreadcrumbList\",\"@id\":\"https:\/\/argentinaglobal.org.ar\/la-crisis-de-precios-reabre-las-diferencias-en-el-mercosur\/#breadcrumb\",\"itemListElement\":[{\"@type\":\"ListItem\",\"position\":1,\"name\":\"Inicio\",\"item\":\"https:\/\/argentinaglobal.org.ar\/\"},{\"@type\":\"ListItem\",\"position\":2,\"name\":\"LA CRISIS DE PRECIOS REABRE LAS DIFERENCIAS EN EL MERCOSUR\"}]},{\"@type\":\"WebSite\",\"@id\":\"https:\/\/argentinaglobal.org.ar\/#website\",\"url\":\"https:\/\/argentinaglobal.org.ar\/\",\"name\":\"Argentina Global\",\"description\":\"\",\"potentialAction\":[{\"@type\":\"SearchAction\",\"target\":{\"@type\":\"EntryPoint\",\"urlTemplate\":\"https:\/\/argentinaglobal.org.ar\/?s={search_term_string}\"},\"query-input\":\"required name=search_term_string\"}],\"inLanguage\":\"en-US\"},{\"@type\":\"Person\",\"@id\":\"https:\/\/argentinaglobal.org.ar\/#\/schema\/person\/0d43c58a3966908a961d439afd8e378b\",\"name\":\"dante\",\"image\":{\"@type\":\"ImageObject\",\"inLanguage\":\"en-US\",\"@id\":\"https:\/\/argentinaglobal.org.ar\/#\/schema\/person\/image\/\",\"url\":\"https:\/\/secure.gravatar.com\/avatar\/bd125801888c3f0ddc1ef50ce1b2af6c28827667548e57677e12d01246a200d0?s=96&d=mm&r=g\",\"contentUrl\":\"https:\/\/secure.gravatar.com\/avatar\/bd125801888c3f0ddc1ef50ce1b2af6c28827667548e57677e12d01246a200d0?s=96&d=mm&r=g\",\"caption\":\"dante\"},\"url\":\"https:\/\/argentinaglobal.org.ar\/eng\/author\/dante\/\"}]}<\/script>\n<!-- \/ Yoast SEO plugin. -->","yoast_head_json":{"title":"LA CRISIS DE PRECIOS REABRE LAS DIFERENCIAS EN EL MERCOSUR - Argentina Global","description":"Brasil y Uruguay bajaron al\u00edcuotas de sus derechos de importaci\u00f3n que alteran el Arancel Externo Com\u00fan y perjudicar\u00e1 a los exportadores argentinos.","robots":{"index":"index","follow":"follow","max-snippet":"max-snippet:-1","max-image-preview":"max-image-preview:large","max-video-preview":"max-video-preview:-1"},"canonical":"https:\/\/argentinaglobal.org.ar\/eng\/la-crisis-de-precios-reabre-las-diferencias-en-el-mercosur\/","og_locale":"en_US","og_type":"article","og_title":"LA CRISIS DE PRECIOS REABRE LAS DIFERENCIAS EN EL MERCOSUR - Argentina Global","og_description":"Brasil y Uruguay bajaron al\u00edcuotas de sus derechos de importaci\u00f3n que alteran el Arancel Externo Com\u00fan y perjudicar\u00e1 a los exportadores argentinos.","og_url":"https:\/\/argentinaglobal.org.ar\/eng\/la-crisis-de-precios-reabre-las-diferencias-en-el-mercosur\/","og_site_name":"Argentina Global","article_published_time":"2022-09-16T00:38:06+00:00","article_modified_time":"2023-01-20T00:39:21+00:00","og_image":[{"width":2560,"height":1707,"url":"https:\/\/argentinaglobal.org.ar\/wp-content\/uploads\/2023\/01\/220620-1-scaled.jpg","type":"image\/jpeg"}],"author":"dante","twitter_card":"summary_large_image","twitter_misc":{"Written by":"dante","Est. reading time":"4 minutes"},"schema":{"@context":"https:\/\/schema.org","@graph":[{"@type":"WebPage","@id":"https:\/\/argentinaglobal.org.ar\/la-crisis-de-precios-reabre-las-diferencias-en-el-mercosur\/","url":"https:\/\/argentinaglobal.org.ar\/la-crisis-de-precios-reabre-las-diferencias-en-el-mercosur\/","name":"LA CRISIS DE PRECIOS REABRE LAS DIFERENCIAS EN EL MERCOSUR - Argentina Global","isPartOf":{"@id":"https:\/\/argentinaglobal.org.ar\/#website"},"datePublished":"2022-09-16T00:38:06+00:00","dateModified":"2023-01-20T00:39:21+00:00","author":{"@id":"https:\/\/argentinaglobal.org.ar\/#\/schema\/person\/0d43c58a3966908a961d439afd8e378b"},"description":"Brasil y Uruguay bajaron al\u00edcuotas de sus derechos de importaci\u00f3n que alteran el Arancel Externo Com\u00fan y perjudicar\u00e1 a los exportadores argentinos.","breadcrumb":{"@id":"https:\/\/argentinaglobal.org.ar\/la-crisis-de-precios-reabre-las-diferencias-en-el-mercosur\/#breadcrumb"},"inLanguage":"en-US","potentialAction":[{"@type":"ReadAction","target":["https:\/\/argentinaglobal.org.ar\/la-crisis-de-precios-reabre-las-diferencias-en-el-mercosur\/"]}]},{"@type":"BreadcrumbList","@id":"https:\/\/argentinaglobal.org.ar\/la-crisis-de-precios-reabre-las-diferencias-en-el-mercosur\/#breadcrumb","itemListElement":[{"@type":"ListItem","position":1,"name":"Inicio","item":"https:\/\/argentinaglobal.org.ar\/"},{"@type":"ListItem","position":2,"name":"LA CRISIS DE PRECIOS REABRE LAS DIFERENCIAS EN EL MERCOSUR"}]},{"@type":"WebSite","@id":"https:\/\/argentinaglobal.org.ar\/#website","url":"https:\/\/argentinaglobal.org.ar\/","name":"Argentina Global","description":"","potentialAction":[{"@type":"SearchAction","target":{"@type":"EntryPoint","urlTemplate":"https:\/\/argentinaglobal.org.ar\/?s={search_term_string}"},"query-input":"required name=search_term_string"}],"inLanguage":"en-US"},{"@type":"Person","@id":"https:\/\/argentinaglobal.org.ar\/#\/schema\/person\/0d43c58a3966908a961d439afd8e378b","name":"dante","image":{"@type":"ImageObject","inLanguage":"en-US","@id":"https:\/\/argentinaglobal.org.ar\/#\/schema\/person\/image\/","url":"https:\/\/secure.gravatar.com\/avatar\/bd125801888c3f0ddc1ef50ce1b2af6c28827667548e57677e12d01246a200d0?s=96&d=mm&r=g","contentUrl":"https:\/\/secure.gravatar.com\/avatar\/bd125801888c3f0ddc1ef50ce1b2af6c28827667548e57677e12d01246a200d0?s=96&d=mm&r=g","caption":"dante"},"url":"https:\/\/argentinaglobal.org.ar\/eng\/author\/dante\/"}]}},"rttpg_featured_image_url":{"full":["https:\/\/argentinaglobal.org.ar\/wp-content\/uploads\/2023\/01\/220620-1-scaled.jpg",2560,1707,false],"landscape":["https:\/\/argentinaglobal.org.ar\/wp-content\/uploads\/2023\/01\/220620-1-scaled.jpg",2560,1707,false],"portraits":["https:\/\/argentinaglobal.org.ar\/wp-content\/uploads\/2023\/01\/220620-1-scaled.jpg",2560,1707,false],"thumbnail":["https:\/\/argentinaglobal.org.ar\/wp-content\/uploads\/2023\/01\/220620-1-150x150.jpg",150,150,true],"medium":["https:\/\/argentinaglobal.org.ar\/wp-content\/uploads\/2023\/01\/220620-1-300x200.jpg",300,200,true],"large":["https:\/\/argentinaglobal.org.ar\/wp-content\/uploads\/2023\/01\/220620-1-1024x683.jpg",960,640,true],"recent-work-widget":["https:\/\/argentinaglobal.org.ar\/wp-content\/uploads\/2023\/01\/220620-1-125x125.jpg",125,125,true],"1536x1536":["https:\/\/argentinaglobal.org.ar\/wp-content\/uploads\/2023\/01\/220620-1-1536x1024.jpg",1536,1024,true],"2048x2048":["https:\/\/argentinaglobal.org.ar\/wp-content\/uploads\/2023\/01\/220620-1-2048x1365.jpg",2048,1365,true],"trp-custom-language-flag":["https:\/\/argentinaglobal.org.ar\/wp-content\/uploads\/2023\/01\/220620-1-18x12.jpg",18,12,true],"portfolio-2":["https:\/\/argentinaglobal.org.ar\/wp-content\/uploads\/2023\/01\/220620-1-540x310.jpg",540,310,true],"portfolio-3":["https:\/\/argentinaglobal.org.ar\/wp-content\/uploads\/2023\/01\/220620-1-401x250.jpg",401,250,true],"portfolio-4":["https:\/\/argentinaglobal.org.ar\/wp-content\/uploads\/2023\/01\/220620-1-401x250.jpg",401,250,true],"blog-post":["https:\/\/argentinaglobal.org.ar\/wp-content\/uploads\/2023\/01\/220620-1-800x400.jpg",800,400,true],"blog-gallery":["https:\/\/argentinaglobal.org.ar\/wp-content\/uploads\/2023\/01\/220620-1-800x400.jpg",800,400,true],"blog-grid-post":["https:\/\/argentinaglobal.org.ar\/wp-content\/uploads\/2023\/01\/220620-1-540x335.jpg",540,335,true],"blog-fullwidth-post":["https:\/\/argentinaglobal.org.ar\/wp-content\/uploads\/2023\/01\/220620-1-1100x500.jpg",1100,500,true],"recent-post":["https:\/\/argentinaglobal.org.ar\/wp-content\/uploads\/2023\/01\/220620-1-514x342.jpg",514,342,true],"recent-post-tiny":["https:\/\/argentinaglobal.org.ar\/wp-content\/uploads\/2023\/01\/220620-1-75x75.jpg",75,75,true],"testimonial":["https:\/\/argentinaglobal.org.ar\/wp-content\/uploads\/2023\/01\/220620-1-48x48.jpg",48,48,true],"logos":["https:\/\/argentinaglobal.org.ar\/wp-content\/uploads\/2023\/01\/220620-1-152x107.jpg",152,107,true]},"rttpg_author":{"display_name":"dante","author_link":"https:\/\/argentinaglobal.org.ar\/eng\/author\/dante\/"},"rttpg_comment":0,"rttpg_category":"<a href=\"https:\/\/argentinaglobal.org.ar\/eng\/category\/argentina-global\/\" rel=\"category tag\">Argentina Global<\/a>","rttpg_excerpt":"Brasil y Uruguay bajaron al\u00edcuotas de sus derechos de importaci\u00f3n que alteran el Arancel Externo Com\u00fan y perjudicar\u00e1 a los exportadores argentinos. Por Marisa Bircher El complejo escenario a nivel [&hellip;]","_links":{"self":[{"href":"https:\/\/argentinaglobal.org.ar\/eng\/wp-json\/wp\/v2\/posts\/2834","targetHints":{"allow":["GET"]}}],"collection":[{"href":"https:\/\/argentinaglobal.org.ar\/eng\/wp-json\/wp\/v2\/posts"}],"about":[{"href":"https:\/\/argentinaglobal.org.ar\/eng\/wp-json\/wp\/v2\/types\/post"}],"author":[{"embeddable":true,"href":"https:\/\/argentinaglobal.org.ar\/eng\/wp-json\/wp\/v2\/users\/3"}],"replies":[{"embeddable":true,"href":"https:\/\/argentinaglobal.org.ar\/eng\/wp-json\/wp\/v2\/comments?post=2834"}],"version-history":[{"count":1,"href":"https:\/\/argentinaglobal.org.ar\/eng\/wp-json\/wp\/v2\/posts\/2834\/revisions"}],"predecessor-version":[{"id":2837,"href":"https:\/\/argentinaglobal.org.ar\/eng\/wp-json\/wp\/v2\/posts\/2834\/revisions\/2837"}],"wp:featuredmedia":[{"embeddable":true,"href":"https:\/\/argentinaglobal.org.ar\/eng\/wp-json\/wp\/v2\/media\/2836"}],"wp:attachment":[{"href":"https:\/\/argentinaglobal.org.ar\/eng\/wp-json\/wp\/v2\/media?parent=2834"}],"wp:term":[{"taxonomy":"category","embeddable":true,"href":"https:\/\/argentinaglobal.org.ar\/eng\/wp-json\/wp\/v2\/categories?post=2834"},{"taxonomy":"post_tag","embeddable":true,"href":"https:\/\/argentinaglobal.org.ar\/eng\/wp-json\/wp\/v2\/tags?post=2834"}],"curies":[{"name":"wp","href":"https:\/\/api.w.org\/{rel}","templated":true}]}}