
{"id":2820,"date":"2022-09-15T21:27:37","date_gmt":"2022-09-16T00:27:37","guid":{"rendered":"http:\/\/argentinaglobal.org.ar\/?p=2820"},"modified":"2023-01-19T21:29:39","modified_gmt":"2023-01-20T00:29:39","slug":"comenzo-la-tercera-edicion-de-la-diplomatura-en-seguridad-nacional","status":"publish","type":"post","link":"https:\/\/argentinaglobal.org.ar\/eng\/comenzo-la-tercera-edicion-de-la-diplomatura-en-seguridad-nacional\/","title":{"rendered":"COMENZ\u00d3 LA TERCERA EDICI\u00d3N DE LA DIPLOMATURA EN SEGURIDAD NACIONAL"},"content":{"rendered":"<figure class=\"wp-block-image size-large is-resized\"><img fetchpriority=\"high\" decoding=\"async\" src=\"http:\/\/argentinaglobal.org.ar\/wp-content\/uploads\/2023\/01\/220523-1024x532.png\" alt=\"\" class=\"wp-image-2821\" width=\"512\" height=\"266\"\/><\/figure>\n\n\n\n<p><\/p>\n\n\n\n<p><\/p>\n\n\n\n<p>23 de mayo de 2022<\/p>\n\n\n\n<p>El viernes 20 de mayo se dio inici\u00f3 a la tercera edici\u00f3n de la <strong>Diplomatura en Seguridad Nacional<\/strong>, organizada en conjunto por la Fundaci\u00f3n Argentina Global y la <strong>Universidad de Belgrano<\/strong>.<\/p>\n\n\n\n<p>Como espacio curricular, esta diplomatura se propone contar con p<strong>rofesionales competentes para el dise\u00f1o y ejecuci\u00f3n de estrategias y pol\u00edticas p\u00fablicas en el \u00e1mbito de la Seguridad Nacional<\/strong>, comprendiendo su rol en un Estado democr\u00e1tico moderno, integrado al mundo y situado en el presente de la Argentina. Se destaca la importancia del abordaje integral y continuo de los esfuerzos estatales para una mejor ejecuci\u00f3n de estrategias y pol\u00edticas p\u00fablicas desde saberes espec\u00edficos, promoviendo la resiliencia institucional, la mejora de la gobernanza y la reducci\u00f3n del riesgo pol\u00edtico.<\/p>\n\n\n\n<p>Las clases se desarrollan \u00edntegramente de <strong>forma virtual<\/strong> los viernes y s\u00e1bados cada tres semanas, desde el 20 de mayo al 10 de diciembre de 2022, con una duraci\u00f3n total de 71 horas. El programa consta de <strong>nueve unidades tem\u00e1ticas <\/strong>que abarcan seguridad nacional, pol\u00edtica exterior, pol\u00edtica militar y defensa, ciberseguridad, seguridad, inteligencia, factores econ\u00f3micos, tecnol\u00f3gicos, sociales y medioambientales, comunicaci\u00f3n estrat\u00e9gica y estrategia de seguridad nacional. Al final, se les propone a los alumnos la realizaci\u00f3n de un ejercicio integrador.<\/p>\n\n\n\n<p>El cuerpo docente est\u00e1 integrado por miembros de la Fundaci\u00f3n Argentina Global y otros profesionales de los distintos \u00e1mbitos de la Seguridad Nacional. Asimismo, hay expositores invitados y clases especiales a cargo del William J. Perry Center for Hemispheric Defense Studies. Sus coordinadores acad\u00e9micos son la Lic. Paola Di Chiaro y el Mg. Patricio Degiorgis.<\/p>\n\n\n\n<p><strong>Concurso de becas<\/strong><\/p>\n\n\n\n<p>La Fundaci\u00f3n Argentina Global tiene entre sus misiones principales <strong>promover la formaci\u00f3n de profesionales y l\u00edderes del futuro<\/strong> de cara a los desaf\u00edos del siglo XXI.<\/p>\n\n\n\n<p>Convencidos que el incentivo del talento y la capacitaci\u00f3n permanente son valores que nos identifican, previo al dictado de la diplomatura se realiz\u00f3 un concurso de becas, beneficiando a cuatro alumnos de distinto origen profesional con el fin de contribuir a su formaci\u00f3n en el \u00e1mbito de la Seguridad Nacional.<\/p>","protected":false},"excerpt":{"rendered":"<p>23 de mayo de 2022 El viernes 20 de mayo se dio inici\u00f3 a la tercera edici\u00f3n de la Diplomatura en Seguridad Nacional, organizada en conjunto por la Fundaci\u00f3n Argentina [&hellip;]<\/p>","protected":false},"author":3,"featured_media":2823,"comment_status":"closed","ping_status":"closed","sticky":false,"template":"","format":"standard","meta":{"footnotes":""},"categories":[41],"tags":[],"class_list":["post-2820","post","type-post","status-publish","format-standard","has-post-thumbnail","hentry","category-argentina-global"],"yoast_head":"<!-- This site is optimized with the Yoast SEO plugin v21.6 - https:\/\/yoast.com\/wordpress\/plugins\/seo\/ -->\n<title>COMENZ\u00d3 LA TERCERA EDICI\u00d3N DE LA DIPLOMATURA EN SEGURIDAD NACIONAL - Argentina Global<\/title>\n<meta name=\"description\" content=\"El viernes 20 de mayo se dio inici\u00f3 a la tercera edici\u00f3n de la Diplomatura en Seguridad Nacional, organizada en conjunto por la Fundaci\u00f3n Argentina Global y la Universidad de Belgrano.\" \/>\n<meta name=\"robots\" content=\"index, follow, max-snippet:-1, max-image-preview:large, max-video-preview:-1\" \/>\n<link rel=\"canonical\" href=\"https:\/\/argentinaglobal.org.ar\/eng\/comenzo-la-tercera-edicion-de-la-diplomatura-en-seguridad-nacional\/\" \/>\n<meta property=\"og:locale\" content=\"en_US\" \/>\n<meta property=\"og:type\" content=\"article\" \/>\n<meta property=\"og:title\" content=\"COMENZ\u00d3 LA TERCERA EDICI\u00d3N DE LA DIPLOMATURA EN SEGURIDAD NACIONAL - Argentina Global\" \/>\n<meta property=\"og:description\" content=\"El viernes 20 de mayo se dio inici\u00f3 a la tercera edici\u00f3n de la Diplomatura en Seguridad Nacional, organizada en conjunto por la Fundaci\u00f3n Argentina Global y la Universidad de Belgrano.\" \/>\n<meta property=\"og:url\" content=\"https:\/\/argentinaglobal.org.ar\/eng\/comenzo-la-tercera-edicion-de-la-diplomatura-en-seguridad-nacional\/\" \/>\n<meta property=\"og:site_name\" content=\"Argentina Global\" \/>\n<meta property=\"article:published_time\" content=\"2022-09-16T00:27:37+00:00\" \/>\n<meta property=\"article:modified_time\" content=\"2023-01-20T00:29:39+00:00\" \/>\n<meta property=\"og:image\" content=\"https:\/\/argentinaglobal.org.ar\/wp-content\/uploads\/2023\/01\/220523-2.png\" \/>\n\t<meta property=\"og:image:width\" content=\"1683\" \/>\n\t<meta property=\"og:image:height\" content=\"874\" \/>\n\t<meta property=\"og:image:type\" content=\"image\/png\" \/>\n<meta name=\"author\" content=\"dante\" \/>\n<meta name=\"twitter:card\" content=\"summary_large_image\" \/>\n<meta name=\"twitter:label1\" content=\"Written by\" \/>\n\t<meta name=\"twitter:data1\" content=\"dante\" \/>\n\t<meta name=\"twitter:label2\" content=\"Est. reading time\" \/>\n\t<meta name=\"twitter:data2\" content=\"2 minutes\" \/>\n<script type=\"application\/ld+json\" class=\"yoast-schema-graph\">{\"@context\":\"https:\/\/schema.org\",\"@graph\":[{\"@type\":\"WebPage\",\"@id\":\"https:\/\/argentinaglobal.org.ar\/comenzo-la-tercera-edicion-de-la-diplomatura-en-seguridad-nacional\/\",\"url\":\"https:\/\/argentinaglobal.org.ar\/comenzo-la-tercera-edicion-de-la-diplomatura-en-seguridad-nacional\/\",\"name\":\"COMENZ\u00d3 LA TERCERA EDICI\u00d3N DE LA DIPLOMATURA EN SEGURIDAD NACIONAL - Argentina Global\",\"isPartOf\":{\"@id\":\"https:\/\/argentinaglobal.org.ar\/#website\"},\"datePublished\":\"2022-09-16T00:27:37+00:00\",\"dateModified\":\"2023-01-20T00:29:39+00:00\",\"author\":{\"@id\":\"https:\/\/argentinaglobal.org.ar\/#\/schema\/person\/0d43c58a3966908a961d439afd8e378b\"},\"description\":\"El viernes 20 de mayo se dio inici\u00f3 a la tercera edici\u00f3n de la Diplomatura en Seguridad Nacional, organizada en conjunto por la Fundaci\u00f3n Argentina Global y la Universidad de Belgrano.\",\"breadcrumb\":{\"@id\":\"https:\/\/argentinaglobal.org.ar\/comenzo-la-tercera-edicion-de-la-diplomatura-en-seguridad-nacional\/#breadcrumb\"},\"inLanguage\":\"en-US\",\"potentialAction\":[{\"@type\":\"ReadAction\",\"target\":[\"https:\/\/argentinaglobal.org.ar\/comenzo-la-tercera-edicion-de-la-diplomatura-en-seguridad-nacional\/\"]}]},{\"@type\":\"BreadcrumbList\",\"@id\":\"https:\/\/argentinaglobal.org.ar\/comenzo-la-tercera-edicion-de-la-diplomatura-en-seguridad-nacional\/#breadcrumb\",\"itemListElement\":[{\"@type\":\"ListItem\",\"position\":1,\"name\":\"Inicio\",\"item\":\"https:\/\/argentinaglobal.org.ar\/\"},{\"@type\":\"ListItem\",\"position\":2,\"name\":\"COMENZ\u00d3 LA TERCERA EDICI\u00d3N DE LA DIPLOMATURA EN SEGURIDAD NACIONAL\"}]},{\"@type\":\"WebSite\",\"@id\":\"https:\/\/argentinaglobal.org.ar\/#website\",\"url\":\"https:\/\/argentinaglobal.org.ar\/\",\"name\":\"Argentina Global\",\"description\":\"\",\"potentialAction\":[{\"@type\":\"SearchAction\",\"target\":{\"@type\":\"EntryPoint\",\"urlTemplate\":\"https:\/\/argentinaglobal.org.ar\/?s={search_term_string}\"},\"query-input\":\"required name=search_term_string\"}],\"inLanguage\":\"en-US\"},{\"@type\":\"Person\",\"@id\":\"https:\/\/argentinaglobal.org.ar\/#\/schema\/person\/0d43c58a3966908a961d439afd8e378b\",\"name\":\"dante\",\"image\":{\"@type\":\"ImageObject\",\"inLanguage\":\"en-US\",\"@id\":\"https:\/\/argentinaglobal.org.ar\/#\/schema\/person\/image\/\",\"url\":\"https:\/\/secure.gravatar.com\/avatar\/bd125801888c3f0ddc1ef50ce1b2af6c28827667548e57677e12d01246a200d0?s=96&d=mm&r=g\",\"contentUrl\":\"https:\/\/secure.gravatar.com\/avatar\/bd125801888c3f0ddc1ef50ce1b2af6c28827667548e57677e12d01246a200d0?s=96&d=mm&r=g\",\"caption\":\"dante\"},\"url\":\"https:\/\/argentinaglobal.org.ar\/eng\/author\/dante\/\"}]}<\/script>\n<!-- \/ Yoast SEO plugin. -->","yoast_head_json":{"title":"COMENZ\u00d3 LA TERCERA EDICI\u00d3N DE LA DIPLOMATURA EN SEGURIDAD NACIONAL - Argentina Global","description":"El viernes 20 de mayo se dio inici\u00f3 a la tercera edici\u00f3n de la Diplomatura en Seguridad Nacional, organizada en conjunto por la Fundaci\u00f3n Argentina Global y la Universidad de Belgrano.","robots":{"index":"index","follow":"follow","max-snippet":"max-snippet:-1","max-image-preview":"max-image-preview:large","max-video-preview":"max-video-preview:-1"},"canonical":"https:\/\/argentinaglobal.org.ar\/eng\/comenzo-la-tercera-edicion-de-la-diplomatura-en-seguridad-nacional\/","og_locale":"en_US","og_type":"article","og_title":"COMENZ\u00d3 LA TERCERA EDICI\u00d3N DE LA DIPLOMATURA EN SEGURIDAD NACIONAL - Argentina Global","og_description":"El viernes 20 de mayo se dio inici\u00f3 a la tercera edici\u00f3n de la Diplomatura en Seguridad Nacional, organizada en conjunto por la Fundaci\u00f3n Argentina Global y la Universidad de Belgrano.","og_url":"https:\/\/argentinaglobal.org.ar\/eng\/comenzo-la-tercera-edicion-de-la-diplomatura-en-seguridad-nacional\/","og_site_name":"Argentina Global","article_published_time":"2022-09-16T00:27:37+00:00","article_modified_time":"2023-01-20T00:29:39+00:00","og_image":[{"width":1683,"height":874,"url":"https:\/\/argentinaglobal.org.ar\/wp-content\/uploads\/2023\/01\/220523-2.png","type":"image\/png"}],"author":"dante","twitter_card":"summary_large_image","twitter_misc":{"Written by":"dante","Est. reading time":"2 minutes"},"schema":{"@context":"https:\/\/schema.org","@graph":[{"@type":"WebPage","@id":"https:\/\/argentinaglobal.org.ar\/comenzo-la-tercera-edicion-de-la-diplomatura-en-seguridad-nacional\/","url":"https:\/\/argentinaglobal.org.ar\/comenzo-la-tercera-edicion-de-la-diplomatura-en-seguridad-nacional\/","name":"COMENZ\u00d3 LA TERCERA EDICI\u00d3N DE LA DIPLOMATURA EN SEGURIDAD NACIONAL - Argentina Global","isPartOf":{"@id":"https:\/\/argentinaglobal.org.ar\/#website"},"datePublished":"2022-09-16T00:27:37+00:00","dateModified":"2023-01-20T00:29:39+00:00","author":{"@id":"https:\/\/argentinaglobal.org.ar\/#\/schema\/person\/0d43c58a3966908a961d439afd8e378b"},"description":"El viernes 20 de mayo se dio inici\u00f3 a la tercera edici\u00f3n de la Diplomatura en Seguridad Nacional, organizada en conjunto por la Fundaci\u00f3n Argentina Global y la Universidad de Belgrano.","breadcrumb":{"@id":"https:\/\/argentinaglobal.org.ar\/comenzo-la-tercera-edicion-de-la-diplomatura-en-seguridad-nacional\/#breadcrumb"},"inLanguage":"en-US","potentialAction":[{"@type":"ReadAction","target":["https:\/\/argentinaglobal.org.ar\/comenzo-la-tercera-edicion-de-la-diplomatura-en-seguridad-nacional\/"]}]},{"@type":"BreadcrumbList","@id":"https:\/\/argentinaglobal.org.ar\/comenzo-la-tercera-edicion-de-la-diplomatura-en-seguridad-nacional\/#breadcrumb","itemListElement":[{"@type":"ListItem","position":1,"name":"Inicio","item":"https:\/\/argentinaglobal.org.ar\/"},{"@type":"ListItem","position":2,"name":"COMENZ\u00d3 LA TERCERA EDICI\u00d3N DE LA DIPLOMATURA EN SEGURIDAD NACIONAL"}]},{"@type":"WebSite","@id":"https:\/\/argentinaglobal.org.ar\/#website","url":"https:\/\/argentinaglobal.org.ar\/","name":"Argentina Global","description":"","potentialAction":[{"@type":"SearchAction","target":{"@type":"EntryPoint","urlTemplate":"https:\/\/argentinaglobal.org.ar\/?s={search_term_string}"},"query-input":"required name=search_term_string"}],"inLanguage":"en-US"},{"@type":"Person","@id":"https:\/\/argentinaglobal.org.ar\/#\/schema\/person\/0d43c58a3966908a961d439afd8e378b","name":"dante","image":{"@type":"ImageObject","inLanguage":"en-US","@id":"https:\/\/argentinaglobal.org.ar\/#\/schema\/person\/image\/","url":"https:\/\/secure.gravatar.com\/avatar\/bd125801888c3f0ddc1ef50ce1b2af6c28827667548e57677e12d01246a200d0?s=96&d=mm&r=g","contentUrl":"https:\/\/secure.gravatar.com\/avatar\/bd125801888c3f0ddc1ef50ce1b2af6c28827667548e57677e12d01246a200d0?s=96&d=mm&r=g","caption":"dante"},"url":"https:\/\/argentinaglobal.org.ar\/eng\/author\/dante\/"}]}},"rttpg_featured_image_url":{"full":["https:\/\/argentinaglobal.org.ar\/wp-content\/uploads\/2023\/01\/220523-2.png",1683,874,false],"landscape":["https:\/\/argentinaglobal.org.ar\/wp-content\/uploads\/2023\/01\/220523-2.png",1683,874,false],"portraits":["https:\/\/argentinaglobal.org.ar\/wp-content\/uploads\/2023\/01\/220523-2.png",1683,874,false],"thumbnail":["https:\/\/argentinaglobal.org.ar\/wp-content\/uploads\/2023\/01\/220523-2-150x150.png",150,150,true],"medium":["https:\/\/argentinaglobal.org.ar\/wp-content\/uploads\/2023\/01\/220523-2-300x156.png",300,156,true],"large":["https:\/\/argentinaglobal.org.ar\/wp-content\/uploads\/2023\/01\/220523-2-1024x532.png",960,499,true],"recent-work-widget":["https:\/\/argentinaglobal.org.ar\/wp-content\/uploads\/2023\/01\/220523-2-125x125.png",125,125,true],"1536x1536":["https:\/\/argentinaglobal.org.ar\/wp-content\/uploads\/2023\/01\/220523-2-1536x798.png",1536,798,true],"2048x2048":["https:\/\/argentinaglobal.org.ar\/wp-content\/uploads\/2023\/01\/220523-2.png",1683,874,false],"trp-custom-language-flag":["https:\/\/argentinaglobal.org.ar\/wp-content\/uploads\/2023\/01\/220523-2-18x9.png",18,9,true],"portfolio-2":["https:\/\/argentinaglobal.org.ar\/wp-content\/uploads\/2023\/01\/220523-2-540x310.png",540,310,true],"portfolio-3":["https:\/\/argentinaglobal.org.ar\/wp-content\/uploads\/2023\/01\/220523-2-401x250.png",401,250,true],"portfolio-4":["https:\/\/argentinaglobal.org.ar\/wp-content\/uploads\/2023\/01\/220523-2-401x250.png",401,250,true],"blog-post":["https:\/\/argentinaglobal.org.ar\/wp-content\/uploads\/2023\/01\/220523-2-800x400.png",800,400,true],"blog-gallery":["https:\/\/argentinaglobal.org.ar\/wp-content\/uploads\/2023\/01\/220523-2-800x400.png",800,400,true],"blog-grid-post":["https:\/\/argentinaglobal.org.ar\/wp-content\/uploads\/2023\/01\/220523-2-540x335.png",540,335,true],"blog-fullwidth-post":["https:\/\/argentinaglobal.org.ar\/wp-content\/uploads\/2023\/01\/220523-2-1100x500.png",1100,500,true],"recent-post":["https:\/\/argentinaglobal.org.ar\/wp-content\/uploads\/2023\/01\/220523-2-514x342.png",514,342,true],"recent-post-tiny":["https:\/\/argentinaglobal.org.ar\/wp-content\/uploads\/2023\/01\/220523-2-75x75.png",75,75,true],"testimonial":["https:\/\/argentinaglobal.org.ar\/wp-content\/uploads\/2023\/01\/220523-2-48x48.png",48,48,true],"logos":["https:\/\/argentinaglobal.org.ar\/wp-content\/uploads\/2023\/01\/220523-2-152x107.png",152,107,true]},"rttpg_author":{"display_name":"dante","author_link":"https:\/\/argentinaglobal.org.ar\/eng\/author\/dante\/"},"rttpg_comment":0,"rttpg_category":"<a href=\"https:\/\/argentinaglobal.org.ar\/eng\/category\/argentina-global\/\" rel=\"category tag\">Argentina Global<\/a>","rttpg_excerpt":"23 de mayo de 2022 El viernes 20 de mayo se dio inici\u00f3 a la tercera edici\u00f3n de la Diplomatura en Seguridad Nacional, organizada en conjunto por la Fundaci\u00f3n Argentina [&hellip;]","_links":{"self":[{"href":"https:\/\/argentinaglobal.org.ar\/eng\/wp-json\/wp\/v2\/posts\/2820","targetHints":{"allow":["GET"]}}],"collection":[{"href":"https:\/\/argentinaglobal.org.ar\/eng\/wp-json\/wp\/v2\/posts"}],"about":[{"href":"https:\/\/argentinaglobal.org.ar\/eng\/wp-json\/wp\/v2\/types\/post"}],"author":[{"embeddable":true,"href":"https:\/\/argentinaglobal.org.ar\/eng\/wp-json\/wp\/v2\/users\/3"}],"replies":[{"embeddable":true,"href":"https:\/\/argentinaglobal.org.ar\/eng\/wp-json\/wp\/v2\/comments?post=2820"}],"version-history":[{"count":1,"href":"https:\/\/argentinaglobal.org.ar\/eng\/wp-json\/wp\/v2\/posts\/2820\/revisions"}],"predecessor-version":[{"id":2824,"href":"https:\/\/argentinaglobal.org.ar\/eng\/wp-json\/wp\/v2\/posts\/2820\/revisions\/2824"}],"wp:featuredmedia":[{"embeddable":true,"href":"https:\/\/argentinaglobal.org.ar\/eng\/wp-json\/wp\/v2\/media\/2823"}],"wp:attachment":[{"href":"https:\/\/argentinaglobal.org.ar\/eng\/wp-json\/wp\/v2\/media?parent=2820"}],"wp:term":[{"taxonomy":"category","embeddable":true,"href":"https:\/\/argentinaglobal.org.ar\/eng\/wp-json\/wp\/v2\/categories?post=2820"},{"taxonomy":"post_tag","embeddable":true,"href":"https:\/\/argentinaglobal.org.ar\/eng\/wp-json\/wp\/v2\/tags?post=2820"}],"curies":[{"name":"wp","href":"https:\/\/api.w.org\/{rel}","templated":true}]}}