
{"id":2812,"date":"2022-09-15T21:23:37","date_gmt":"2022-09-16T00:23:37","guid":{"rendered":"http:\/\/argentinaglobal.org.ar\/?p=2812"},"modified":"2023-01-19T21:26:00","modified_gmt":"2023-01-20T00:26:00","slug":"la-cumbre-de-la-otan-del-29-30-de-junio-en-espana-sesion-academica-en-el-cari-a-cargo-de-carlos-perez-aquino","status":"publish","type":"post","link":"https:\/\/argentinaglobal.org.ar\/eng\/la-cumbre-de-la-otan-del-29-30-de-junio-en-espana-sesion-academica-en-el-cari-a-cargo-de-carlos-perez-aquino\/","title":{"rendered":"\u201cLA CUMBRE DE LA OTAN DEL 29-30 DE JUNIO EN ESPA\u00d1A\u201d: SESI\u00d3N ACAD\u00c9MICA EN EL CARI A CARGO DE CARLOS P\u00c9REZ AQUINO"},"content":{"rendered":"<figure class=\"wp-block-image size-large is-resized\"><img fetchpriority=\"high\" decoding=\"async\" src=\"http:\/\/argentinaglobal.org.ar\/wp-content\/uploads\/2023\/01\/220513-1024x680.jpg\" alt=\"\" class=\"wp-image-2813\" width=\"512\" height=\"340\"\/><\/figure>\n\n\n\n<p><\/p>\n\n\n\n<p>13 de mayo de 2022<\/p>\n\n\n\n<p>El 12 de mayo de 2022, el General de Divisi\u00f3n (RE) Carlos P\u00e9rez Aquino, miembro de la Fundaci\u00f3n Argentina Global, expuso sobre \u201cLa Cumbre de la OTAN del 29-30 de junio en Espa\u00f1a\u201d en una sesi\u00f3n del Comit\u00e9 de Pol\u00edtica Exterior y Fuerzas Armadas del Centro Argentino para las Relaciones Internacionales (CARI).<\/p>\n\n\n\n<p>Se desarroll\u00f3 la <strong>evoluci\u00f3n del concepto estrat\u00e9gico de la alianza militar<\/strong> con el cambio de escenario a partir de la invasi\u00f3n rusa a Ucrania. Con respecto al entorno estrat\u00e9gico, entre otros aspectos, se plante\u00f3 que el \u00e1rea Euro-Atl\u00e1ntica no est\u00e1 en paz, que actores autoritarios desaf\u00edan intereses, valores y forma de vida democr\u00e1tica de la alianza. Asimismo, que si bien&nbsp; la Federaci\u00f3n de Rusia es la amenaza m\u00e1s significativa y directa a la seguridad, la paz y estabilidad del \u00e1rea Euro-Atl\u00e1ntica, la OTAN no busca la confrontaci\u00f3n y no plantea una amenaza a la Federaci\u00f3n Rusa. Se puso \u00e9nfasis en las <strong>ambiciones declaradas y las pol\u00edticas coercitivas de la Rep\u00fablica Popular China <\/strong>(RPC) que desaf\u00edan sus intereses, seguridad y valores. Por lo que es de destacar la presencia de los socios del Indo-Pac\u00edfico Australia, Jap\u00f3n, Nueva Zelanda y la Rep\u00fablica de Corea (por primera vez).<\/p>\n\n\n\n<p>En dicho seminario, tambi\u00e9n participaron las autoridades del mencionado comit\u00e9, Dr. Rosendo Fraga y Emb. Carlos Sersale di Cerisano, director y vicedirector respectivamente, y el vicepresidente del CARI, Francisco de Santiba\u00f1es, quien estuvo a cargo de presentar las conclusiones de la sesi\u00f3n.<\/p>","protected":false},"excerpt":{"rendered":"<p>13 de mayo de 2022 El 12 de mayo de 2022, el General de Divisi\u00f3n (RE) Carlos P\u00e9rez Aquino, miembro de la Fundaci\u00f3n Argentina Global, expuso sobre \u201cLa Cumbre de [&hellip;]<\/p>","protected":false},"author":3,"featured_media":2814,"comment_status":"closed","ping_status":"closed","sticky":false,"template":"","format":"standard","meta":{"footnotes":""},"categories":[41],"tags":[],"class_list":["post-2812","post","type-post","status-publish","format-standard","has-post-thumbnail","hentry","category-argentina-global"],"yoast_head":"<!-- This site is optimized with the Yoast SEO plugin v21.6 - https:\/\/yoast.com\/wordpress\/plugins\/seo\/ -->\n<title>\u201cLA CUMBRE DE LA OTAN DEL 29-30 DE JUNIO EN ESPA\u00d1A\u201d: SESI\u00d3N ACAD\u00c9MICA EN EL CARI A CARGO DE CARLOS P\u00c9REZ AQUINO - Argentina Global<\/title>\n<meta name=\"description\" content=\"Se desarroll\u00f3 la evoluci\u00f3n del concepto estrat\u00e9gico de la alianza militar con el cambio de escenario a partir de la invasi\u00f3n rusa a Ucrania.\" \/>\n<meta name=\"robots\" content=\"index, follow, max-snippet:-1, max-image-preview:large, max-video-preview:-1\" \/>\n<link rel=\"canonical\" href=\"http:\/\/argentinaglobal.org.ar\/eng\/la-cumbre-de-la-otan-del-29-30-de-junio-en-espana-sesion-academica-en-el-cari-a-cargo-de-carlos-perez-aquino\/\" \/>\n<meta property=\"og:locale\" content=\"en_US\" \/>\n<meta property=\"og:type\" content=\"article\" \/>\n<meta property=\"og:title\" content=\"\u201cLA CUMBRE DE LA OTAN DEL 29-30 DE JUNIO EN ESPA\u00d1A\u201d: SESI\u00d3N ACAD\u00c9MICA EN EL CARI A CARGO DE CARLOS P\u00c9REZ AQUINO - Argentina Global\" \/>\n<meta property=\"og:description\" content=\"Se desarroll\u00f3 la evoluci\u00f3n del concepto estrat\u00e9gico de la alianza militar con el cambio de escenario a partir de la invasi\u00f3n rusa a Ucrania.\" \/>\n<meta property=\"og:url\" content=\"http:\/\/argentinaglobal.org.ar\/eng\/la-cumbre-de-la-otan-del-29-30-de-junio-en-espana-sesion-academica-en-el-cari-a-cargo-de-carlos-perez-aquino\/\" \/>\n<meta property=\"og:site_name\" content=\"Argentina Global\" \/>\n<meta property=\"article:published_time\" content=\"2022-09-16T00:23:37+00:00\" \/>\n<meta property=\"article:modified_time\" content=\"2023-01-20T00:26:00+00:00\" \/>\n<meta property=\"og:image\" content=\"https:\/\/argentinaglobal.org.ar\/wp-content\/uploads\/2023\/01\/220513-1-scaled.jpg\" \/>\n\t<meta property=\"og:image:width\" content=\"2560\" \/>\n\t<meta property=\"og:image:height\" content=\"1700\" \/>\n\t<meta property=\"og:image:type\" content=\"image\/jpeg\" \/>\n<meta name=\"author\" content=\"dante\" \/>\n<meta name=\"twitter:card\" content=\"summary_large_image\" \/>\n<meta name=\"twitter:label1\" content=\"Written by\" \/>\n\t<meta name=\"twitter:data1\" content=\"dante\" \/>\n\t<meta name=\"twitter:label2\" content=\"Est. reading time\" \/>\n\t<meta name=\"twitter:data2\" content=\"2 minutes\" \/>\n<script type=\"application\/ld+json\" class=\"yoast-schema-graph\">{\"@context\":\"https:\/\/schema.org\",\"@graph\":[{\"@type\":\"WebPage\",\"@id\":\"http:\/\/argentinaglobal.org.ar\/eng\/la-cumbre-de-la-otan-del-29-30-de-junio-en-espana-sesion-academica-en-el-cari-a-cargo-de-carlos-perez-aquino\/\",\"url\":\"http:\/\/argentinaglobal.org.ar\/eng\/la-cumbre-de-la-otan-del-29-30-de-junio-en-espana-sesion-academica-en-el-cari-a-cargo-de-carlos-perez-aquino\/\",\"name\":\"\u201cLA CUMBRE DE LA OTAN DEL 29-30 DE JUNIO EN ESPA\u00d1A\u201d: SESI\u00d3N ACAD\u00c9MICA EN EL CARI A CARGO DE CARLOS P\u00c9REZ AQUINO - Argentina Global\",\"isPartOf\":{\"@id\":\"https:\/\/argentinaglobal.org.ar\/#website\"},\"datePublished\":\"2022-09-16T00:23:37+00:00\",\"dateModified\":\"2023-01-20T00:26:00+00:00\",\"author\":{\"@id\":\"https:\/\/argentinaglobal.org.ar\/#\/schema\/person\/0d43c58a3966908a961d439afd8e378b\"},\"description\":\"Se desarroll\u00f3 la evoluci\u00f3n del concepto estrat\u00e9gico de la alianza militar con el cambio de escenario a partir de la invasi\u00f3n rusa a Ucrania.\",\"breadcrumb\":{\"@id\":\"http:\/\/argentinaglobal.org.ar\/eng\/la-cumbre-de-la-otan-del-29-30-de-junio-en-espana-sesion-academica-en-el-cari-a-cargo-de-carlos-perez-aquino\/#breadcrumb\"},\"inLanguage\":\"en-US\",\"potentialAction\":[{\"@type\":\"ReadAction\",\"target\":[\"http:\/\/argentinaglobal.org.ar\/eng\/la-cumbre-de-la-otan-del-29-30-de-junio-en-espana-sesion-academica-en-el-cari-a-cargo-de-carlos-perez-aquino\/\"]}]},{\"@type\":\"BreadcrumbList\",\"@id\":\"http:\/\/argentinaglobal.org.ar\/eng\/la-cumbre-de-la-otan-del-29-30-de-junio-en-espana-sesion-academica-en-el-cari-a-cargo-de-carlos-perez-aquino\/#breadcrumb\",\"itemListElement\":[{\"@type\":\"ListItem\",\"position\":1,\"name\":\"Inicio\",\"item\":\"https:\/\/argentinaglobal.org.ar\/\"},{\"@type\":\"ListItem\",\"position\":2,\"name\":\"\u201cLA CUMBRE DE LA OTAN DEL 29-30 DE JUNIO EN ESPA\u00d1A\u201d: SESI\u00d3N ACAD\u00c9MICA EN EL CARI A CARGO DE CARLOS P\u00c9REZ AQUINO\"}]},{\"@type\":\"WebSite\",\"@id\":\"https:\/\/argentinaglobal.org.ar\/#website\",\"url\":\"https:\/\/argentinaglobal.org.ar\/\",\"name\":\"Argentina Global\",\"description\":\"\",\"potentialAction\":[{\"@type\":\"SearchAction\",\"target\":{\"@type\":\"EntryPoint\",\"urlTemplate\":\"https:\/\/argentinaglobal.org.ar\/?s={search_term_string}\"},\"query-input\":\"required name=search_term_string\"}],\"inLanguage\":\"en-US\"},{\"@type\":\"Person\",\"@id\":\"https:\/\/argentinaglobal.org.ar\/#\/schema\/person\/0d43c58a3966908a961d439afd8e378b\",\"name\":\"dante\",\"image\":{\"@type\":\"ImageObject\",\"inLanguage\":\"en-US\",\"@id\":\"https:\/\/argentinaglobal.org.ar\/#\/schema\/person\/image\/\",\"url\":\"https:\/\/secure.gravatar.com\/avatar\/bd125801888c3f0ddc1ef50ce1b2af6c28827667548e57677e12d01246a200d0?s=96&d=mm&r=g\",\"contentUrl\":\"https:\/\/secure.gravatar.com\/avatar\/bd125801888c3f0ddc1ef50ce1b2af6c28827667548e57677e12d01246a200d0?s=96&d=mm&r=g\",\"caption\":\"dante\"},\"url\":\"https:\/\/argentinaglobal.org.ar\/eng\/author\/dante\/\"}]}<\/script>\n<!-- \/ Yoast SEO plugin. -->","yoast_head_json":{"title":"\u201cLA CUMBRE DE LA OTAN DEL 29-30 DE JUNIO EN ESPA\u00d1A\u201d: SESI\u00d3N ACAD\u00c9MICA EN EL CARI A CARGO DE CARLOS P\u00c9REZ AQUINO - Argentina Global","description":"Se desarroll\u00f3 la evoluci\u00f3n del concepto estrat\u00e9gico de la alianza militar con el cambio de escenario a partir de la invasi\u00f3n rusa a Ucrania.","robots":{"index":"index","follow":"follow","max-snippet":"max-snippet:-1","max-image-preview":"max-image-preview:large","max-video-preview":"max-video-preview:-1"},"canonical":"http:\/\/argentinaglobal.org.ar\/eng\/la-cumbre-de-la-otan-del-29-30-de-junio-en-espana-sesion-academica-en-el-cari-a-cargo-de-carlos-perez-aquino\/","og_locale":"en_US","og_type":"article","og_title":"\u201cLA CUMBRE DE LA OTAN DEL 29-30 DE JUNIO EN ESPA\u00d1A\u201d: SESI\u00d3N ACAD\u00c9MICA EN EL CARI A CARGO DE CARLOS P\u00c9REZ AQUINO - Argentina Global","og_description":"Se desarroll\u00f3 la evoluci\u00f3n del concepto estrat\u00e9gico de la alianza militar con el cambio de escenario a partir de la invasi\u00f3n rusa a Ucrania.","og_url":"http:\/\/argentinaglobal.org.ar\/eng\/la-cumbre-de-la-otan-del-29-30-de-junio-en-espana-sesion-academica-en-el-cari-a-cargo-de-carlos-perez-aquino\/","og_site_name":"Argentina Global","article_published_time":"2022-09-16T00:23:37+00:00","article_modified_time":"2023-01-20T00:26:00+00:00","og_image":[{"width":2560,"height":1700,"url":"https:\/\/argentinaglobal.org.ar\/wp-content\/uploads\/2023\/01\/220513-1-scaled.jpg","type":"image\/jpeg"}],"author":"dante","twitter_card":"summary_large_image","twitter_misc":{"Written by":"dante","Est. reading time":"2 minutes"},"schema":{"@context":"https:\/\/schema.org","@graph":[{"@type":"WebPage","@id":"http:\/\/argentinaglobal.org.ar\/eng\/la-cumbre-de-la-otan-del-29-30-de-junio-en-espana-sesion-academica-en-el-cari-a-cargo-de-carlos-perez-aquino\/","url":"http:\/\/argentinaglobal.org.ar\/eng\/la-cumbre-de-la-otan-del-29-30-de-junio-en-espana-sesion-academica-en-el-cari-a-cargo-de-carlos-perez-aquino\/","name":"\u201cLA CUMBRE DE LA OTAN DEL 29-30 DE JUNIO EN ESPA\u00d1A\u201d: SESI\u00d3N ACAD\u00c9MICA EN EL CARI A CARGO DE CARLOS P\u00c9REZ AQUINO - Argentina Global","isPartOf":{"@id":"https:\/\/argentinaglobal.org.ar\/#website"},"datePublished":"2022-09-16T00:23:37+00:00","dateModified":"2023-01-20T00:26:00+00:00","author":{"@id":"https:\/\/argentinaglobal.org.ar\/#\/schema\/person\/0d43c58a3966908a961d439afd8e378b"},"description":"Se desarroll\u00f3 la evoluci\u00f3n del concepto estrat\u00e9gico de la alianza militar con el cambio de escenario a partir de la invasi\u00f3n rusa a Ucrania.","breadcrumb":{"@id":"http:\/\/argentinaglobal.org.ar\/eng\/la-cumbre-de-la-otan-del-29-30-de-junio-en-espana-sesion-academica-en-el-cari-a-cargo-de-carlos-perez-aquino\/#breadcrumb"},"inLanguage":"en-US","potentialAction":[{"@type":"ReadAction","target":["http:\/\/argentinaglobal.org.ar\/eng\/la-cumbre-de-la-otan-del-29-30-de-junio-en-espana-sesion-academica-en-el-cari-a-cargo-de-carlos-perez-aquino\/"]}]},{"@type":"BreadcrumbList","@id":"http:\/\/argentinaglobal.org.ar\/eng\/la-cumbre-de-la-otan-del-29-30-de-junio-en-espana-sesion-academica-en-el-cari-a-cargo-de-carlos-perez-aquino\/#breadcrumb","itemListElement":[{"@type":"ListItem","position":1,"name":"Inicio","item":"https:\/\/argentinaglobal.org.ar\/"},{"@type":"ListItem","position":2,"name":"\u201cLA CUMBRE DE LA OTAN DEL 29-30 DE JUNIO EN ESPA\u00d1A\u201d: SESI\u00d3N ACAD\u00c9MICA EN EL CARI A CARGO DE CARLOS P\u00c9REZ AQUINO"}]},{"@type":"WebSite","@id":"https:\/\/argentinaglobal.org.ar\/#website","url":"https:\/\/argentinaglobal.org.ar\/","name":"Argentina Global","description":"","potentialAction":[{"@type":"SearchAction","target":{"@type":"EntryPoint","urlTemplate":"https:\/\/argentinaglobal.org.ar\/?s={search_term_string}"},"query-input":"required name=search_term_string"}],"inLanguage":"en-US"},{"@type":"Person","@id":"https:\/\/argentinaglobal.org.ar\/#\/schema\/person\/0d43c58a3966908a961d439afd8e378b","name":"dante","image":{"@type":"ImageObject","inLanguage":"en-US","@id":"https:\/\/argentinaglobal.org.ar\/#\/schema\/person\/image\/","url":"https:\/\/secure.gravatar.com\/avatar\/bd125801888c3f0ddc1ef50ce1b2af6c28827667548e57677e12d01246a200d0?s=96&d=mm&r=g","contentUrl":"https:\/\/secure.gravatar.com\/avatar\/bd125801888c3f0ddc1ef50ce1b2af6c28827667548e57677e12d01246a200d0?s=96&d=mm&r=g","caption":"dante"},"url":"https:\/\/argentinaglobal.org.ar\/eng\/author\/dante\/"}]}},"rttpg_featured_image_url":{"full":["https:\/\/argentinaglobal.org.ar\/wp-content\/uploads\/2023\/01\/220513-1-scaled.jpg",2560,1700,false],"landscape":["https:\/\/argentinaglobal.org.ar\/wp-content\/uploads\/2023\/01\/220513-1-scaled.jpg",2560,1700,false],"portraits":["https:\/\/argentinaglobal.org.ar\/wp-content\/uploads\/2023\/01\/220513-1-scaled.jpg",2560,1700,false],"thumbnail":["https:\/\/argentinaglobal.org.ar\/wp-content\/uploads\/2023\/01\/220513-1-150x150.jpg",150,150,true],"medium":["https:\/\/argentinaglobal.org.ar\/wp-content\/uploads\/2023\/01\/220513-1-300x199.jpg",300,199,true],"large":["https:\/\/argentinaglobal.org.ar\/wp-content\/uploads\/2023\/01\/220513-1-1024x680.jpg",960,638,true],"recent-work-widget":["https:\/\/argentinaglobal.org.ar\/wp-content\/uploads\/2023\/01\/220513-1-125x125.jpg",125,125,true],"1536x1536":["https:\/\/argentinaglobal.org.ar\/wp-content\/uploads\/2023\/01\/220513-1-1536x1020.jpg",1536,1020,true],"2048x2048":["https:\/\/argentinaglobal.org.ar\/wp-content\/uploads\/2023\/01\/220513-1-2048x1360.jpg",2048,1360,true],"trp-custom-language-flag":["https:\/\/argentinaglobal.org.ar\/wp-content\/uploads\/2023\/01\/220513-1-18x12.jpg",18,12,true],"portfolio-2":["https:\/\/argentinaglobal.org.ar\/wp-content\/uploads\/2023\/01\/220513-1-540x310.jpg",540,310,true],"portfolio-3":["https:\/\/argentinaglobal.org.ar\/wp-content\/uploads\/2023\/01\/220513-1-401x250.jpg",401,250,true],"portfolio-4":["https:\/\/argentinaglobal.org.ar\/wp-content\/uploads\/2023\/01\/220513-1-401x250.jpg",401,250,true],"blog-post":["https:\/\/argentinaglobal.org.ar\/wp-content\/uploads\/2023\/01\/220513-1-800x400.jpg",800,400,true],"blog-gallery":["https:\/\/argentinaglobal.org.ar\/wp-content\/uploads\/2023\/01\/220513-1-800x400.jpg",800,400,true],"blog-grid-post":["https:\/\/argentinaglobal.org.ar\/wp-content\/uploads\/2023\/01\/220513-1-540x335.jpg",540,335,true],"blog-fullwidth-post":["https:\/\/argentinaglobal.org.ar\/wp-content\/uploads\/2023\/01\/220513-1-1100x500.jpg",1100,500,true],"recent-post":["https:\/\/argentinaglobal.org.ar\/wp-content\/uploads\/2023\/01\/220513-1-514x342.jpg",514,342,true],"recent-post-tiny":["https:\/\/argentinaglobal.org.ar\/wp-content\/uploads\/2023\/01\/220513-1-75x75.jpg",75,75,true],"testimonial":["https:\/\/argentinaglobal.org.ar\/wp-content\/uploads\/2023\/01\/220513-1-48x48.jpg",48,48,true],"logos":["https:\/\/argentinaglobal.org.ar\/wp-content\/uploads\/2023\/01\/220513-1-152x107.jpg",152,107,true]},"rttpg_author":{"display_name":"dante","author_link":"https:\/\/argentinaglobal.org.ar\/eng\/author\/dante\/"},"rttpg_comment":0,"rttpg_category":"<a href=\"https:\/\/argentinaglobal.org.ar\/eng\/category\/argentina-global\/\" rel=\"category tag\">Argentina Global<\/a>","rttpg_excerpt":"13 de mayo de 2022 El 12 de mayo de 2022, el General de Divisi\u00f3n (RE) Carlos P\u00e9rez Aquino, miembro de la Fundaci\u00f3n Argentina Global, expuso sobre \u201cLa Cumbre de [&hellip;]","_links":{"self":[{"href":"https:\/\/argentinaglobal.org.ar\/eng\/wp-json\/wp\/v2\/posts\/2812","targetHints":{"allow":["GET"]}}],"collection":[{"href":"https:\/\/argentinaglobal.org.ar\/eng\/wp-json\/wp\/v2\/posts"}],"about":[{"href":"https:\/\/argentinaglobal.org.ar\/eng\/wp-json\/wp\/v2\/types\/post"}],"author":[{"embeddable":true,"href":"https:\/\/argentinaglobal.org.ar\/eng\/wp-json\/wp\/v2\/users\/3"}],"replies":[{"embeddable":true,"href":"https:\/\/argentinaglobal.org.ar\/eng\/wp-json\/wp\/v2\/comments?post=2812"}],"version-history":[{"count":1,"href":"https:\/\/argentinaglobal.org.ar\/eng\/wp-json\/wp\/v2\/posts\/2812\/revisions"}],"predecessor-version":[{"id":2815,"href":"https:\/\/argentinaglobal.org.ar\/eng\/wp-json\/wp\/v2\/posts\/2812\/revisions\/2815"}],"wp:featuredmedia":[{"embeddable":true,"href":"https:\/\/argentinaglobal.org.ar\/eng\/wp-json\/wp\/v2\/media\/2814"}],"wp:attachment":[{"href":"https:\/\/argentinaglobal.org.ar\/eng\/wp-json\/wp\/v2\/media?parent=2812"}],"wp:term":[{"taxonomy":"category","embeddable":true,"href":"https:\/\/argentinaglobal.org.ar\/eng\/wp-json\/wp\/v2\/categories?post=2812"},{"taxonomy":"post_tag","embeddable":true,"href":"https:\/\/argentinaglobal.org.ar\/eng\/wp-json\/wp\/v2\/tags?post=2812"}],"curies":[{"name":"wp","href":"https:\/\/api.w.org\/{rel}","templated":true}]}}